{"id":6739,"date":"2021-08-03T11:18:27","date_gmt":"2021-08-03T09:18:27","guid":{"rendered":"http:\/\/trieste.green\/?p=6739"},"modified":"2021-08-03T11:18:29","modified_gmt":"2021-08-03T09:18:29","slug":"osmice-medsebojno-srecevanje-in-delitev","status":"publish","type":"post","link":"https:\/\/trieste.green\/sl\/osmice-medsebojno-srecevanje-in-delitev\/","title":{"rendered":"Osmice: medsebojno sre\u010devanje in delitev"},"content":{"rendered":"<p>[vc_row el_class=&#8221;box-padding&#8221;][vc_column width=&#8221;5\/6&#8243;][vc_column_text]<span style=\"font-weight: 400;\">V panorami <\/span><b>turisti\u010dne promocije Krasa<\/b><span style=\"font-weight: 400;\">, ki se v zadnjih letih vse bolj uveljavlja, imajo osmice pomembno vlogo in z okrepitvijo svoje prepoznavnosti so se dovolj raz\u0161irile, da so postale <\/span><b>bistven element v pripovedih o tem ozemlju<\/b><span style=\"font-weight: 400;\">.\u00a0\u010ce upo\u0161tevamo ponos prebivalcev ob tej meji, spletne strani, ki opozarjajo na obdobja odprtosti, in druge korenite, vse mo\u010dnej\u0161e spremembe zadnjih treh desetletij, je razumljivo, da so se osmice prilagodile \u010dasu, \u010deprav so ohranile svojevrsten <\/span><b>zgodovinski zna\u010daj<\/b><span style=\"font-weight: 400;\">, zaradi katerega ostajajo \u2013 tudi zaradi te\u017eav razumevanja s strani tujcev \u2013 nekako na meji skrivnostnega.\u00a0<\/span><\/p>\n<p><span style=\"font-weight: 400;\">Njihov za\u010detek sega v leto <\/span><b>1784<\/b><span style=\"font-weight: 400;\">, ko je Jo\u017eef II. s cesarskim dekretom dovolil kmetom na Krasu, da <\/span><b>osem dni v letu<\/b><span style=\"font-weight: 400;\"> prodajajo neustekleni\u010deno vino. <\/span><b>Ime osmica torej izhaja prav iz \u0161tevila dni odprtosti<\/b><span style=\"font-weight: 400;\"> vinoto\u010dev.\u00a0Ni izklju\u010dena mo\u017enost, da ima tradicija osmic \u0161e druge korenine poleg te cesarske odlo\u010ditve iz poznega osemnajstega stoletja. \u017de stoletja poprej so poletna praznovanja ob prilo\u017enosti sejmov Svetega Lovrenca in Svetega Janeza trajala po osem dni, tako da je mogo\u010de sklepati, da je bilo njihovo trajanje prevzeto od veliko starej\u0161e tradicije.\u00a0<\/span><\/p>\n<p><span style=\"font-weight: 400;\">Nadaljnji zgodovinski razvoj je skupaj z nastopom modernosti privedel do sprememb glede ustaljenega razmerja tr\u017ea\u010danov in kra\u0161evcev do osmic.\u00a0<\/span><b>Leta 2004<\/b><span style=\"font-weight: 400;\"> je de\u017eela Furlanija \u2013 Julijska krajina spremenila zadevne predpise, tako da je prvotnih <\/span><b>osem dni raz\u0161irila na trideset dni<\/b><span style=\"font-weight: 400;\">, kar pridelovalcem omogo\u010da podalj\u0161anje prodaje prek tradicionalne \u010dasovne omejitve. Poudariti je treba, da gre pri tem tudi za posledico <\/span><b>raz\u0161iritve dovoljenega porekla izdelkov, namenjenih prodaji<\/b><span style=\"font-weight: 400;\">: v skladu s spremembami predpisov v zadnjih letih velja, da <\/span><b>tretjina tega, kar se proda med osmico, lahko izvira od tretjih oseb<\/b><span style=\"font-weight: 400;\">.\u00a0Salame, panceta, neizogibna trdo kuhana jajca itd. \u2013 v osmicah lahko dobite skoraj izklju\u010dno le hladne jedi.\u00a0<\/span><\/p>\n<p><span style=\"font-weight: 400;\">Zato <\/span><b>osmic ne gre zamenjevati s klasi\u010dnimi turisti\u010dnimi kmetijami niti z bolj banalnimi gostilnami<\/b><span style=\"font-weight: 400;\">.\u00a0Trdimo lahko, da predstavljajo enega izmed \u0161tevilnih posebnih izrazov tega ozemlja. Dejansko se ti &#8220;kraji&#8221; nahajajo <\/span><b>samo na italijanskem in slovenskem Krasu<\/b><span style=\"font-weight: 400;\">, na severnem delu <\/span><b>Istre in v okolici Dunaja<\/b><span style=\"font-weight: 400;\">. Tam se imenujejo Heurigen ali Buschensch\u00e4nke. Gre za kraje, ki so primerni za dru\u017eenje, saj je okrog lesenih miz, postavljenih na dvori\u0161\u010dih, ali v notranjosti kamnitih hi\u0161 prostor namenjen vsem. Pogosto lahko naletite na skupine mladih, ki ob spremljavi kitar prepevajo pesmi v nare\u010dju.<\/span><\/p>\n<p><b>Osmice so kraji, na katerih se ohranjata nare\u010dji<\/b><span style=\"font-weight: 400;\"> \u2013 <\/span><b>tako italijansko tr\u017ea\u0161ko kot slovensko<\/b><span style=\"font-weight: 400;\"> \u2013 in \u010deprav nekatere strukturne spremembe pu\u0161\u010dajo grenak priokus tistim, ki se jim to\u017ei po preteklosti, je treba priznati, da pogosto omenjanje osmic prispeva k ohranjanju \u017eivosti njihove podobe. Poleg tega se v obdobju omejitev zaradi izrednih zdravstvenih razmer <\/span><b>prostori na prostem<\/b><span style=\"font-weight: 400;\"> lahko izka\u017eejo kot koristni za varen ponovni zagon dejavnosti.\u00a0<\/span><\/p>\n<p><span style=\"font-weight: 400;\">O osmicah so bile napisane <\/span><b>knjige<\/b><span style=\"font-weight: 400;\">, o njihovih posebnostih so pripovedovali <\/span><b>nacionalni in mednarodni televizijski programi<\/b><span style=\"font-weight: 400;\">; tudi pomembni novinarji so bili poslani v ta svet, ki ga je treba preu\u010devati, braniti in ohranjati kot resni\u010dno dru\u017ebeno dedi\u0161\u010dino. V pasu od <\/span><b>Marezig<\/b><span style=\"font-weight: 400;\"> v Sloveniji do <\/span><b>Medje vasi<\/b><span style=\"font-weight: 400;\"> v Italiji (ob severni meji Tr\u017ea\u0161ke pokrajine) imajo nekatere osmice \u010disto <\/span><b>izjemen polo\u017eaj<\/b><span style=\"font-weight: 400;\">: na pe\u010dinah skoraj tik nad morjem \u2013 kot razglednice ali u\u010dinkoviti oglasi kak\u0161ne turisti\u010dne promocije&#8230; Osmice so namre\u010d <\/span><b>\u017eiva predstava tega, kar nastane pri zlitju Krasa in Jadrana<\/b><span style=\"font-weight: 400;\">.<\/span><\/p>\n<p><span style=\"font-weight: 400;\">Ti kraji se odzivajo na logiko <\/span><b>medsebojnega sre\u010devanja in delitve<\/b><span style=\"font-weight: 400;\">. Za nezaupanje in konflikte tu ni prostora.\u00a0<\/span><\/p>\n<p><i><span style=\"font-weight: 400;\">Za vse informacije v zvezi s koledarjem odprtosti vam priporo\u010damo obisk spleti\u0161\u010da<\/span><\/i> <a href=\"http:\/\/www.osmize.com\/\"><i><span style=\"font-weight: 400;\">www.osmize.com<\/span><\/i><\/a><\/p>\n<p><i><span style=\"font-weight: 400;\">Kmetije z osmicami, ki so prisotne na portalu trieste.green, najdete na povezavi: <\/span><\/i><a href=\"http:\/\/trieste.green\/produttori\/\"><i><span style=\"font-weight: 400;\">http:\/\/trieste.green\/produttori\/<\/span><\/i><\/a><\/p>\n<p>&nbsp;<\/p>\n<p>[\/vc_column_text][\/vc_column][vc_column width=&#8221;1\/6&#8243;][vc_widget_sidebar sidebar_id=&#8221;right&#8221;][\/vc_column][\/vc_row][vc_row el_class=&#8221;box-padding&#8221; css=&#8221;.vc_custom_1608030255890{padding-top: 90px !important;padding-bottom: 90px !important;}&#8221;][vc_column][vc_custom_heading text=&#8221;Trajnostno nakupovanje izdelkov s Krasa in Istre&#8221; font_container=&#8221;tag:h1|text_align:center|color:%23171a18&#8243; use_theme_fonts=&#8221;yes&#8221; css_animation=&#8221;slideInUp&#8221; css=&#8221;.vc_custom_1627982269434{padding-top: 30px !important;padding-bottom: 30px !important;}&#8221;][vc_row_inner][vc_column_inner]<div class=\"woocommerce columns-3 \"><ul class=\"products columns-3\">\n<li class=\"custom-lista-view product type-product post-4440 status-publish first outofstock product_cat-penina product_cat-vino-sl product_tag-kmetija-kocjancic-rado has-post-thumbnail taxable shipping-taxable purchasable product-type-simple\">\r\n\t<a href=\"https:\/\/trieste.green\/sl\/prodotto\/brika-penina-075lt-kocjancic\/\" class=\"woocommerce-LoopProduct-link woocommerce-loop-product__link\"><div><img loading=\"lazy\" decoding=\"async\" width=\"300\" height=\"300\" src=\"https:\/\/trieste.green\/wp-content\/uploads\/2020\/12\/brika-new-300x300.png\" class=\"attachment-woocommerce_thumbnail size-woocommerce_thumbnail\" alt=\"Brika Penina 0,75lt - Kocjan\u010di\u010d\" srcset=\"https:\/\/trieste.green\/wp-content\/uploads\/2020\/12\/brika-new-300x300.png 300w, https:\/\/trieste.green\/wp-content\/uploads\/2020\/12\/brika-new-600x600.png 600w, https:\/\/trieste.green\/wp-content\/uploads\/2020\/12\/brika-new-1024x1024.png 1024w, https:\/\/trieste.green\/wp-content\/uploads\/2020\/12\/brika-new-400x400.png 400w, https:\/\/trieste.green\/wp-content\/uploads\/2020\/12\/brika-new-768x768.png 768w, https:\/\/trieste.green\/wp-content\/uploads\/2020\/12\/brika-new-1536x1536.png 1536w, https:\/\/trieste.green\/wp-content\/uploads\/2020\/12\/brika-new-100x100.png 100w, https:\/\/trieste.green\/wp-content\/uploads\/2020\/12\/brika-new.png 2000w\" sizes=\"auto, (max-width: 300px) 100vw, 300px\" \/><\/a><\/div>\t\r\n<div><div class='meta-list' ><div class=\"product_meta\">\r\n\r\n\t\r\n\t\r\n\t\t<span class=\"sku_wrapper\">\u0160ifra: <span class=\"sku\">BRIKOC075<\/span><\/span>\r\n\r\n\t\r\n\t<span class=\"posted_in\">Kategorije: <a href=\"https:\/\/trieste.green\/sl\/categoria-prodotto\/vino-sl\/penina\/\" rel=\"tag\">Penina<\/a>, <a href=\"https:\/\/trieste.green\/sl\/categoria-prodotto\/vino-sl\/\" rel=\"tag\">Vino<\/a><\/span><br\/>\r\n\t<span class=\"tagged_as\">Pridelovalci: <a href=\"https:\/\/trieste.green\/sl\/produttore\/kmetija-kocjancic-rado\/\" rel=\"tag\">Kmetija Kocjan\u010di\u010d Rado<\/a><\/span>\t<br\/>\r\n\t Kraj: \r\n\t<a href=\"dolina\">Dolina<\/a>\r\n\t \r\n\r\n\t\r\n<\/div>\r\n<\/div><a href=\"https:\/\/trieste.green\/sl\/prodotto\/brika-penina-075lt-kocjancic\/\" class=\"woocommerce-LoopProduct-link woocommerce-loop-product__link\"><h2 class=\"woocommerce-loop-product__title\">Brika Penina 0,75lt &#8211; Kocjan\u010di\u010d<\/h2><\/a>\n\t<span class=\"price\"><span class=\"woocommerce-Price-amount amount\"><bdi><span class=\"woocommerce-Price-currencySymbol\">&euro;<\/span>22.20<\/bdi><\/span><\/span>\n<\/a><\/div><\/li>\r\n<li class=\"custom-lista-view product type-product post-4623 status-publish instock product_cat-belo-vino product_cat-darilni-paket product_cat-mleko-siri-in-mlecni-izdelki product_cat-skuta product_cat-vino-sl product_tag-kmecki-turizem-skerlj product_tag-kmetija-zidarich product_tag-zidaric-sl has-post-thumbnail taxable shipping-taxable purchasable product-type-woosb\">\r\n\t<a href=\"https:\/\/trieste.green\/sl\/prodotto\/paket-kamen\/\" class=\"woocommerce-LoopProduct-link woocommerce-loop-product__link\"><div><img loading=\"lazy\" decoding=\"async\" width=\"300\" height=\"300\" src=\"https:\/\/trieste.green\/wp-content\/uploads\/2020\/12\/PIETRA-NEW-300x300.png\" class=\"attachment-woocommerce_thumbnail size-woocommerce_thumbnail\" alt=\"Paket Kamen\" srcset=\"https:\/\/trieste.green\/wp-content\/uploads\/2020\/12\/PIETRA-NEW-300x300.png 300w, https:\/\/trieste.green\/wp-content\/uploads\/2020\/12\/PIETRA-NEW-400x400.png 400w, https:\/\/trieste.green\/wp-content\/uploads\/2020\/12\/PIETRA-NEW-100x100.png 100w\" sizes=\"auto, (max-width: 300px) 100vw, 300px\" \/><\/a><\/div>\t\r\n<div><div class='meta-list' ><div class=\"product_meta\">\r\n\r\n\t\r\n\t\r\n\t\t<span class=\"sku_wrapper\">\u0160ifra: <span class=\"sku\">BOPIETRA3<\/span><\/span>\r\n\r\n\t\r\n\t<span class=\"posted_in\">Kategorije: <a href=\"https:\/\/trieste.green\/sl\/categoria-prodotto\/vino-sl\/belo-vino\/\" rel=\"tag\">Belo vino<\/a>, <a href=\"https:\/\/trieste.green\/sl\/categoria-prodotto\/darilni-paket\/\" rel=\"tag\">Darilni Paket<\/a>, <a href=\"https:\/\/trieste.green\/sl\/categoria-prodotto\/mleko-siri-in-mlecni-izdelki\/\" rel=\"tag\">Mleko, siri in mle\u010dni izdelki<\/a>, <a href=\"https:\/\/trieste.green\/sl\/categoria-prodotto\/mleko-siri-in-mlecni-izdelki\/skuta\/\" rel=\"tag\">Skuta<\/a>, <a href=\"https:\/\/trieste.green\/sl\/categoria-prodotto\/vino-sl\/\" rel=\"tag\">Vino<\/a><\/span><br\/>\r\n\t<span class=\"tagged_as\">Pridelovalci: <a href=\"https:\/\/trieste.green\/sl\/produttore\/kmecki-turizem-skerlj\/\" rel=\"tag\">Kme\u010dki turizem \u0160kerlj<\/a>, <a href=\"https:\/\/trieste.green\/sl\/produttore\/kmetija-zidarich\/\" rel=\"tag\">Kmetija Zidarich<\/a>, <a href=\"https:\/\/trieste.green\/sl\/produttore\/zidaric-sl\/\" rel=\"tag\">Zidari\u010d<\/a><\/span>\t<br\/>\r\n\t Kraj: \r\n\t<a href=\"devin-nabrezina\">Devin Nabre\u017eina<\/a>, <a href=\"zgonik\">Zgonik<\/a>\r\n\t \r\n\r\n\t\r\n<\/div>\r\n<\/div><a href=\"https:\/\/trieste.green\/sl\/prodotto\/paket-kamen\/\" class=\"woocommerce-LoopProduct-link woocommerce-loop-product__link\"><h2 class=\"woocommerce-loop-product__title\">Paket Kamen<\/h2><\/a>\n\t<span class=\"price\"><span class=\"woocommerce-Price-amount amount\"><bdi><span class=\"woocommerce-Price-currencySymbol\">&euro;<\/span>0.00<\/bdi><\/span><\/span>\n<\/a><\/div><\/li>\r\n<\/ul>\n<\/div>[\/vc_column_inner][\/vc_row_inner][vc_btn title=&#8221;Vsi izdelki&#8221; style=&#8221;classic&#8221; color=&#8221;sky&#8221; size=&#8221;lg&#8221; align=&#8221;center&#8221; link=&#8221;url:http%3A%2F%2Ftrieste.green%2Fbotega%2Ftutti-i-prodotti%2F|title:Tutti%20i%20prodotti||&#8221;][\/vc_column][\/vc_row][vc_row full_width=&#8221;stretch_row_content&#8221; css=&#8221;.vc_custom_1596738258502{padding-top: 90px !important;padding-right: 5vw !important;padding-bottom: 90px !important;padding-left: 5vw !important;}&#8221;][vc_column css=&#8221;.vc_custom_1596738171291{padding-top: 0px !important;}&#8221; el_class=&#8221;box-padding&#8221;][vc_custom_heading text=&#8221;V sodelovanju z&#8221; font_container=&#8221;tag:h1|text_align:center&#8221; use_theme_fonts=&#8221;yes&#8221; css_animation=&#8221;slideInUp&#8221; css=&#8221;.vc_custom_1627982295435{padding-top: 30px !important;padding-bottom: 30px !important;}&#8221;][vc_row_inner][vc_column_inner width=&#8221;1\/4&#8243;][\/vc_column_inner][vc_column_inner width=&#8221;1\/4&#8243;][vc_single_image image=&#8221;5367&#8243; img_size=&#8221;full&#8221;][\/vc_column_inner][vc_column_inner width=&#8221;1\/4&#8243;][vc_single_image image=&#8221;5366&#8243; img_size=&#8221;full&#8221;][\/vc_column_inner][vc_column_inner width=&#8221;1\/4&#8243;][\/vc_column_inner][\/vc_row_inner][\/vc_column][\/vc_row]<\/p>\n","protected":false},"excerpt":{"rendered":"<p>[vc_row el_class=&#8221;box-padding&#8221;][vc_column width=&#8221;5\/6&#8243;][vc_column_text]V panorami turisti\u010dne promocije Krasa, ki se v zadnjih letih vse bolj uveljavlja, imajo osmice pomembno vlogo in z okrepitvijo svoje prepoznavnosti so se dovolj raz\u0161irile, da so postale bistven element v pripovedih o tem ozemlju.\u00a0\u010ce upo\u0161tevamo ponos prebivalcev ob tej meji, spletne strani, ki opozarjajo na obdobja odprtosti, in druge korenite, vse [&hellip;]<\/p>\n","protected":false},"author":7,"featured_media":7642,"comment_status":"closed","ping_status":"open","sticky":false,"template":"","format":"standard","meta":{"footnotes":""},"categories":[359],"tags":[363],"class_list":["post-6739","post","type-post","status-publish","format-standard","has-post-thumbnail","hentry","category-izkusnje-ozemlja","tag-geoparco-sl"],"yoast_head":"<!-- This site is optimized with the Yoast SEO plugin v26.6 - https:\/\/yoast.com\/wordpress\/plugins\/seo\/ -->\n<title>Osmice: medsebojno sre\u010devanje in delitev - Trieste Green<\/title>\n<meta name=\"robots\" content=\"index, follow, max-snippet:-1, max-image-preview:large, max-video-preview:-1\" \/>\n<link rel=\"canonical\" href=\"https:\/\/trieste.green\/sl\/osmice-medsebojno-srecevanje-in-delitev\/\" \/>\n<meta property=\"og:locale\" content=\"sl_SI\" \/>\n<meta property=\"og:type\" content=\"article\" \/>\n<meta property=\"og:title\" content=\"Osmice: medsebojno sre\u010devanje in delitev - Trieste Green\" \/>\n<meta property=\"og:description\" content=\"[vc_row el_class=&#8221;box-padding&#8221;][vc_column width=&#8221;5\/6&#8243;][vc_column_text]V panorami turisti\u010dne promocije Krasa, ki se v zadnjih letih vse bolj uveljavlja, imajo osmice pomembno vlogo in z okrepitvijo svoje prepoznavnosti so se dovolj raz\u0161irile, da so postale bistven element v pripovedih o tem ozemlju.\u00a0\u010ce upo\u0161tevamo ponos prebivalcev ob tej meji, spletne strani, ki opozarjajo na obdobja odprtosti, in druge korenite, vse [&hellip;]\" \/>\n<meta property=\"og:url\" content=\"https:\/\/trieste.green\/sl\/osmice-medsebojno-srecevanje-in-delitev\/\" \/>\n<meta property=\"og:site_name\" content=\"Trieste Green\" \/>\n<meta property=\"article:published_time\" content=\"2021-08-03T09:18:27+00:00\" \/>\n<meta property=\"article:modified_time\" content=\"2021-08-03T09:18:29+00:00\" \/>\n<meta property=\"og:image\" content=\"https:\/\/trieste.green\/wp-content\/uploads\/2021\/07\/antonic-138-min.jpg\" \/>\n\t<meta property=\"og:image:width\" content=\"1920\" \/>\n\t<meta property=\"og:image:height\" content=\"1280\" \/>\n\t<meta property=\"og:image:type\" content=\"image\/jpeg\" \/>\n<meta name=\"author\" content=\"triestegreen\" \/>\n<meta name=\"twitter:card\" content=\"summary_large_image\" \/>\n<meta name=\"twitter:label1\" content=\"Written by\" \/>\n\t<meta name=\"twitter:data1\" content=\"triestegreen\" \/>\n\t<meta name=\"twitter:label2\" content=\"Est. reading time\" \/>\n\t<meta name=\"twitter:data2\" content=\"3 minute\" \/>\n<script type=\"application\/ld+json\" class=\"yoast-schema-graph\">{\"@context\":\"https:\/\/schema.org\",\"@graph\":[{\"@type\":\"Article\",\"@id\":\"https:\/\/trieste.green\/sl\/osmice-medsebojno-srecevanje-in-delitev\/#article\",\"isPartOf\":{\"@id\":\"https:\/\/trieste.green\/sl\/osmice-medsebojno-srecevanje-in-delitev\/\"},\"author\":{\"name\":\"triestegreen\",\"@id\":\"https:\/\/trieste.green\/sl\/#\/schema\/person\/8e62739aff615332d7158398822ec443\"},\"headline\":\"Osmice: medsebojno sre\u010devanje in delitev\",\"datePublished\":\"2021-08-03T09:18:27+00:00\",\"dateModified\":\"2021-08-03T09:18:29+00:00\",\"mainEntityOfPage\":{\"@id\":\"https:\/\/trieste.green\/sl\/osmice-medsebojno-srecevanje-in-delitev\/\"},\"wordCount\":864,\"publisher\":{\"@id\":\"https:\/\/trieste.green\/sl\/#organization\"},\"image\":{\"@id\":\"https:\/\/trieste.green\/sl\/osmice-medsebojno-srecevanje-in-delitev\/#primaryimage\"},\"thumbnailUrl\":\"https:\/\/trieste.green\/wp-content\/uploads\/2021\/07\/antonic-138-min.jpg\",\"keywords\":[\"Geoparco\"],\"articleSection\":[\"Izku\u0161nje ozemlja\"],\"inLanguage\":\"sl-SI\"},{\"@type\":\"WebPage\",\"@id\":\"https:\/\/trieste.green\/sl\/osmice-medsebojno-srecevanje-in-delitev\/\",\"url\":\"https:\/\/trieste.green\/sl\/osmice-medsebojno-srecevanje-in-delitev\/\",\"name\":\"Osmice: medsebojno sre\u010devanje in delitev - Trieste Green\",\"isPartOf\":{\"@id\":\"https:\/\/trieste.green\/sl\/#website\"},\"primaryImageOfPage\":{\"@id\":\"https:\/\/trieste.green\/sl\/osmice-medsebojno-srecevanje-in-delitev\/#primaryimage\"},\"image\":{\"@id\":\"https:\/\/trieste.green\/sl\/osmice-medsebojno-srecevanje-in-delitev\/#primaryimage\"},\"thumbnailUrl\":\"https:\/\/trieste.green\/wp-content\/uploads\/2021\/07\/antonic-138-min.jpg\",\"datePublished\":\"2021-08-03T09:18:27+00:00\",\"dateModified\":\"2021-08-03T09:18:29+00:00\",\"breadcrumb\":{\"@id\":\"https:\/\/trieste.green\/sl\/osmice-medsebojno-srecevanje-in-delitev\/#breadcrumb\"},\"inLanguage\":\"sl-SI\",\"potentialAction\":[{\"@type\":\"ReadAction\",\"target\":[\"https:\/\/trieste.green\/sl\/osmice-medsebojno-srecevanje-in-delitev\/\"]}]},{\"@type\":\"ImageObject\",\"inLanguage\":\"sl-SI\",\"@id\":\"https:\/\/trieste.green\/sl\/osmice-medsebojno-srecevanje-in-delitev\/#primaryimage\",\"url\":\"https:\/\/trieste.green\/wp-content\/uploads\/2021\/07\/antonic-138-min.jpg\",\"contentUrl\":\"https:\/\/trieste.green\/wp-content\/uploads\/2021\/07\/antonic-138-min.jpg\",\"width\":1920,\"height\":1280},{\"@type\":\"BreadcrumbList\",\"@id\":\"https:\/\/trieste.green\/sl\/osmice-medsebojno-srecevanje-in-delitev\/#breadcrumb\",\"itemListElement\":[{\"@type\":\"ListItem\",\"position\":1,\"name\":\"Home\",\"item\":\"https:\/\/trieste.green\/sl\/\"},{\"@type\":\"ListItem\",\"position\":2,\"name\":\"Osmice: medsebojno sre\u010devanje in delitev\"}]},{\"@type\":\"WebSite\",\"@id\":\"https:\/\/trieste.green\/sl\/#website\",\"url\":\"https:\/\/trieste.green\/sl\/\",\"name\":\"Trieste Green\",\"description\":\"\",\"publisher\":{\"@id\":\"https:\/\/trieste.green\/sl\/#organization\"},\"potentialAction\":[{\"@type\":\"SearchAction\",\"target\":{\"@type\":\"EntryPoint\",\"urlTemplate\":\"https:\/\/trieste.green\/sl\/?s={search_term_string}\"},\"query-input\":{\"@type\":\"PropertyValueSpecification\",\"valueRequired\":true,\"valueName\":\"search_term_string\"}}],\"inLanguage\":\"sl-SI\"},{\"@type\":\"Organization\",\"@id\":\"https:\/\/trieste.green\/sl\/#organization\",\"name\":\"Trieste Green\",\"url\":\"https:\/\/trieste.green\/sl\/\",\"logo\":{\"@type\":\"ImageObject\",\"inLanguage\":\"sl-SI\",\"@id\":\"https:\/\/trieste.green\/sl\/#\/schema\/logo\/image\/\",\"url\":\"http:\/\/trieste.green\/wp-content\/uploads\/2020\/08\/logo-tsgreen-1-128h.png\",\"contentUrl\":\"http:\/\/trieste.green\/wp-content\/uploads\/2020\/08\/logo-tsgreen-1-128h.png\",\"width\":128,\"height\":128,\"caption\":\"Trieste Green\"},\"image\":{\"@id\":\"https:\/\/trieste.green\/sl\/#\/schema\/logo\/image\/\"}},{\"@type\":\"Person\",\"@id\":\"https:\/\/trieste.green\/sl\/#\/schema\/person\/8e62739aff615332d7158398822ec443\",\"name\":\"triestegreen\",\"image\":{\"@type\":\"ImageObject\",\"inLanguage\":\"sl-SI\",\"@id\":\"https:\/\/trieste.green\/sl\/#\/schema\/person\/image\/\",\"url\":\"https:\/\/secure.gravatar.com\/avatar\/1e6b4baf2506f97daad62b10d7692bce83a16e2c3260dbcab35ecb9287565e61?s=96&d=mm&r=g\",\"contentUrl\":\"https:\/\/secure.gravatar.com\/avatar\/1e6b4baf2506f97daad62b10d7692bce83a16e2c3260dbcab35ecb9287565e61?s=96&d=mm&r=g\",\"caption\":\"triestegreen\"},\"url\":\"https:\/\/trieste.green\/sl\/author\/triestegreen\/\"}]}<\/script>\n<!-- \/ Yoast SEO plugin. -->","yoast_head_json":{"title":"Osmice: medsebojno sre\u010devanje in delitev - Trieste Green","robots":{"index":"index","follow":"follow","max-snippet":"max-snippet:-1","max-image-preview":"max-image-preview:large","max-video-preview":"max-video-preview:-1"},"canonical":"https:\/\/trieste.green\/sl\/osmice-medsebojno-srecevanje-in-delitev\/","og_locale":"sl_SI","og_type":"article","og_title":"Osmice: medsebojno sre\u010devanje in delitev - Trieste Green","og_description":"[vc_row el_class=&#8221;box-padding&#8221;][vc_column width=&#8221;5\/6&#8243;][vc_column_text]V panorami turisti\u010dne promocije Krasa, ki se v zadnjih letih vse bolj uveljavlja, imajo osmice pomembno vlogo in z okrepitvijo svoje prepoznavnosti so se dovolj raz\u0161irile, da so postale bistven element v pripovedih o tem ozemlju.\u00a0\u010ce upo\u0161tevamo ponos prebivalcev ob tej meji, spletne strani, ki opozarjajo na obdobja odprtosti, in druge korenite, vse [&hellip;]","og_url":"https:\/\/trieste.green\/sl\/osmice-medsebojno-srecevanje-in-delitev\/","og_site_name":"Trieste Green","article_published_time":"2021-08-03T09:18:27+00:00","article_modified_time":"2021-08-03T09:18:29+00:00","og_image":[{"width":1920,"height":1280,"url":"https:\/\/trieste.green\/wp-content\/uploads\/2021\/07\/antonic-138-min.jpg","type":"image\/jpeg"}],"author":"triestegreen","twitter_card":"summary_large_image","twitter_misc":{"Written by":"triestegreen","Est. reading time":"3 minute"},"schema":{"@context":"https:\/\/schema.org","@graph":[{"@type":"Article","@id":"https:\/\/trieste.green\/sl\/osmice-medsebojno-srecevanje-in-delitev\/#article","isPartOf":{"@id":"https:\/\/trieste.green\/sl\/osmice-medsebojno-srecevanje-in-delitev\/"},"author":{"name":"triestegreen","@id":"https:\/\/trieste.green\/sl\/#\/schema\/person\/8e62739aff615332d7158398822ec443"},"headline":"Osmice: medsebojno sre\u010devanje in delitev","datePublished":"2021-08-03T09:18:27+00:00","dateModified":"2021-08-03T09:18:29+00:00","mainEntityOfPage":{"@id":"https:\/\/trieste.green\/sl\/osmice-medsebojno-srecevanje-in-delitev\/"},"wordCount":864,"publisher":{"@id":"https:\/\/trieste.green\/sl\/#organization"},"image":{"@id":"https:\/\/trieste.green\/sl\/osmice-medsebojno-srecevanje-in-delitev\/#primaryimage"},"thumbnailUrl":"https:\/\/trieste.green\/wp-content\/uploads\/2021\/07\/antonic-138-min.jpg","keywords":["Geoparco"],"articleSection":["Izku\u0161nje ozemlja"],"inLanguage":"sl-SI"},{"@type":"WebPage","@id":"https:\/\/trieste.green\/sl\/osmice-medsebojno-srecevanje-in-delitev\/","url":"https:\/\/trieste.green\/sl\/osmice-medsebojno-srecevanje-in-delitev\/","name":"Osmice: medsebojno sre\u010devanje in delitev - Trieste Green","isPartOf":{"@id":"https:\/\/trieste.green\/sl\/#website"},"primaryImageOfPage":{"@id":"https:\/\/trieste.green\/sl\/osmice-medsebojno-srecevanje-in-delitev\/#primaryimage"},"image":{"@id":"https:\/\/trieste.green\/sl\/osmice-medsebojno-srecevanje-in-delitev\/#primaryimage"},"thumbnailUrl":"https:\/\/trieste.green\/wp-content\/uploads\/2021\/07\/antonic-138-min.jpg","datePublished":"2021-08-03T09:18:27+00:00","dateModified":"2021-08-03T09:18:29+00:00","breadcrumb":{"@id":"https:\/\/trieste.green\/sl\/osmice-medsebojno-srecevanje-in-delitev\/#breadcrumb"},"inLanguage":"sl-SI","potentialAction":[{"@type":"ReadAction","target":["https:\/\/trieste.green\/sl\/osmice-medsebojno-srecevanje-in-delitev\/"]}]},{"@type":"ImageObject","inLanguage":"sl-SI","@id":"https:\/\/trieste.green\/sl\/osmice-medsebojno-srecevanje-in-delitev\/#primaryimage","url":"https:\/\/trieste.green\/wp-content\/uploads\/2021\/07\/antonic-138-min.jpg","contentUrl":"https:\/\/trieste.green\/wp-content\/uploads\/2021\/07\/antonic-138-min.jpg","width":1920,"height":1280},{"@type":"BreadcrumbList","@id":"https:\/\/trieste.green\/sl\/osmice-medsebojno-srecevanje-in-delitev\/#breadcrumb","itemListElement":[{"@type":"ListItem","position":1,"name":"Home","item":"https:\/\/trieste.green\/sl\/"},{"@type":"ListItem","position":2,"name":"Osmice: medsebojno sre\u010devanje in delitev"}]},{"@type":"WebSite","@id":"https:\/\/trieste.green\/sl\/#website","url":"https:\/\/trieste.green\/sl\/","name":"Trieste Green","description":"","publisher":{"@id":"https:\/\/trieste.green\/sl\/#organization"},"potentialAction":[{"@type":"SearchAction","target":{"@type":"EntryPoint","urlTemplate":"https:\/\/trieste.green\/sl\/?s={search_term_string}"},"query-input":{"@type":"PropertyValueSpecification","valueRequired":true,"valueName":"search_term_string"}}],"inLanguage":"sl-SI"},{"@type":"Organization","@id":"https:\/\/trieste.green\/sl\/#organization","name":"Trieste Green","url":"https:\/\/trieste.green\/sl\/","logo":{"@type":"ImageObject","inLanguage":"sl-SI","@id":"https:\/\/trieste.green\/sl\/#\/schema\/logo\/image\/","url":"http:\/\/trieste.green\/wp-content\/uploads\/2020\/08\/logo-tsgreen-1-128h.png","contentUrl":"http:\/\/trieste.green\/wp-content\/uploads\/2020\/08\/logo-tsgreen-1-128h.png","width":128,"height":128,"caption":"Trieste Green"},"image":{"@id":"https:\/\/trieste.green\/sl\/#\/schema\/logo\/image\/"}},{"@type":"Person","@id":"https:\/\/trieste.green\/sl\/#\/schema\/person\/8e62739aff615332d7158398822ec443","name":"triestegreen","image":{"@type":"ImageObject","inLanguage":"sl-SI","@id":"https:\/\/trieste.green\/sl\/#\/schema\/person\/image\/","url":"https:\/\/secure.gravatar.com\/avatar\/1e6b4baf2506f97daad62b10d7692bce83a16e2c3260dbcab35ecb9287565e61?s=96&d=mm&r=g","contentUrl":"https:\/\/secure.gravatar.com\/avatar\/1e6b4baf2506f97daad62b10d7692bce83a16e2c3260dbcab35ecb9287565e61?s=96&d=mm&r=g","caption":"triestegreen"},"url":"https:\/\/trieste.green\/sl\/author\/triestegreen\/"}]}},"_links":{"self":[{"href":"https:\/\/trieste.green\/sl\/wp-json\/wp\/v2\/posts\/6739","targetHints":{"allow":["GET"]}}],"collection":[{"href":"https:\/\/trieste.green\/sl\/wp-json\/wp\/v2\/posts"}],"about":[{"href":"https:\/\/trieste.green\/sl\/wp-json\/wp\/v2\/types\/post"}],"author":[{"embeddable":true,"href":"https:\/\/trieste.green\/sl\/wp-json\/wp\/v2\/users\/7"}],"replies":[{"embeddable":true,"href":"https:\/\/trieste.green\/sl\/wp-json\/wp\/v2\/comments?post=6739"}],"version-history":[{"count":3,"href":"https:\/\/trieste.green\/sl\/wp-json\/wp\/v2\/posts\/6739\/revisions"}],"predecessor-version":[{"id":8188,"href":"https:\/\/trieste.green\/sl\/wp-json\/wp\/v2\/posts\/6739\/revisions\/8188"}],"wp:featuredmedia":[{"embeddable":true,"href":"https:\/\/trieste.green\/sl\/wp-json\/wp\/v2\/media\/7642"}],"wp:attachment":[{"href":"https:\/\/trieste.green\/sl\/wp-json\/wp\/v2\/media?parent=6739"}],"wp:term":[{"taxonomy":"category","embeddable":true,"href":"https:\/\/trieste.green\/sl\/wp-json\/wp\/v2\/categories?post=6739"},{"taxonomy":"post_tag","embeddable":true,"href":"https:\/\/trieste.green\/sl\/wp-json\/wp\/v2\/tags?post=6739"}],"curies":[{"name":"wp","href":"https:\/\/api.w.org\/{rel}","templated":true}]}}