{"id":5432,"date":"2020-08-28T13:46:25","date_gmt":"2020-08-28T13:46:25","guid":{"rendered":"http:\/\/trieste.green\/i-percorsi-ciclabili-piu-belli-tra-carso-e-istria\/"},"modified":"2021-05-12T10:54:21","modified_gmt":"2021-05-12T08:54:21","slug":"die-schonsten-radwege-zwischen-karst-und-istrien","status":"publish","type":"post","link":"https:\/\/trieste.green\/de\/die-schonsten-radwege-zwischen-karst-und-istrien\/","title":{"rendered":"Die sch\u00f6nsten Radwege zwischen Karst und Istrien"},"content":{"rendered":"<p>[vc_row el_class=&#8220;box-padding&#8220;][vc_column width=&#8220;5\/6&#8243;][vc_column_text]<span style=\"font-weight: 400;\">Die Sch\u00f6nheiten der Ostgrenze zwischen Karst und Adria k\u00f6nnen auf unterschiedliche Weise beobachtet werden. Eine davon ist sicherlich, vorausgesetzt auf R\u00e4dern: in die Pedale treten auf <\/span><b>Wegen eingebettet in Naturschutzgebieten<\/b><span style=\"font-weight: 400;\">, auf Gipfeln \u00fcber dem Meer oder mitgerissen \u00fcber Kalkstein, bedeckt vom tausendf\u00e4rbigen Laub der B\u00e4ume (<a href=\"http:\/\/trieste.green\/wp-content\/uploads\/2020\/10\/GeopedalandoCarso2016_web.pdf\">Siehe auch den PDF-Leitfaden zu Radwegen an Orten von geologischem Interesse<\/a>).<\/span><\/p>\n<h3><b>Die Via Bora<\/b><\/h3>\n<p><span style=\"font-weight: 400;\">Die \u201cVia Bora\u201d ist ein Weg, der f\u00fcr manche so sch\u00f6n ist, dass er im zuk\u00fcnftigen Karstradweg sein sollte: er verspricht <\/span><b>einen atemberaubenden Blick \u00fcber den Golf von<\/b> <b>Triest<\/b><span style=\"font-weight: 400;\">, einen Ausflug auf dem Sentiero della Salvia, um Kr\u00e4uter f\u00fcr die einheimische Medizin zu erkunden und herrlich anzukommen, \u00fcber Muggia oder vom G\u00f6rz-Karst bis hin zum Piazza Unita.<\/span><\/p>\n<p><span style=\"font-weight: 400;\">Neben dem Sentiero della Salvia ist die Via Bora der Schl\u00fcssel zu wichtigen Sehensw\u00fcrdigkeiten der Region: dem steinigen Boden des G\u00f6rz-Karst, den Doberd\u00f3 See, Duino und seine Burg, die M\u00fcndung des Timavo, Miramare, Piazza Unita in Triest, der Radweg Cottur (siehe unten), das Val Rosandra von oben, das venezianische Zentrum von Muggia am Meer.<\/span><\/p>\n<p><span style=\"font-weight: 400;\">Derzeit ist die Via Bora nur f\u00fcr Mountainbikes geeignet. Sie kreuzt verschiedene Arten von Routen wie Wege, Schotterstra\u00dfen und asphaltierte Stra\u00dfen. Die Strecke ist f\u00fcr den Verkehr ge\u00f6ffnet und daher ist es f\u00fcr alle Radfahrer obligatorisch, die Stra\u00dfenverkehrsordnung einzuhalten. Die Route ist nur teilweise ausgeschildert, aber die Via Bora-Strecke ist in <a href=\"https:\/\/www.google.com\/maps\/d\/viewer?mid=1iLJu6_KhKlaM0yFCG6A_9BqN33Esm1Yh&amp;ll=45.74992292293076%2C13.66208666207361&amp;z=13\">Google Maps<\/a> sichtbar. Hier ist ein Werbevideo:<\/span><\/p>\n<p><iframe loading=\"lazy\" style=\"border: none; overflow: hidden;\" src=\"https:\/\/www.facebook.com\/plugins\/video.php?height=314&amp;href=https%3A%2F%2Fwww.facebook.com%2Ftrieste.green%2Fvideos%2F3502720299753813%2F&amp;show_text=false&amp;width=560\" width=\"560\" height=\"314\" frameborder=\"0\" scrolling=\"no\" allowfullscreen=\"allowfullscreen\"><\/iframe><\/p>\n<p>&nbsp;<\/p>\n<h3><b>Der Radweg &#8211; Cottur<\/b><\/h3>\n<p><span style=\"font-weight: 400;\">Es ist der einzige wahre Radweg, der in der N\u00e4he des Karst existiert. Er beginnt in San Giacomo, einem Statteil von Triest, und ist bis zum Stadtteil Altura gepflastert. Der n\u00e4chste Abchnitt ist nicht asphaltiert und ist das Tor zum Karst, f\u00fchrt \u00fcber Draga Sant\u2019Elia bis hin zum Hrpelje in Slowenien.<\/span><\/p>\n<p><span style=\"font-weight: 400;\">Die Strecke windet sich entlang der Eisenbahnlinie, die von 1887 bis 1959 den Bahnhof Triest\/Campo Marzio mit dem von Erpelle entlang der Bahnstrecke Istrian Pola \u2013 Divaccia verband. Die Einflussnahme der Erneuerung der Fahrrad- und Fu\u00dfg\u00e4ngerroute bestand in der Wiederherstellung und Wiederverwendung des Gel\u00e4ndes der alten Linie. Der Abschnitt befindet sich zwischen der Eisenbahnverzweigung Transalpina nach G\u00f6rz und Piedicolle im Bezirk San Giacomo in Triest und dem Gebiet der derzeitigen italienisch-slowenischen Grenze. <a href=\"http:\/\/trieste.green\/de\/pistacottur\/\">Hier ist der alte Flyer im PDF-Format der Provinz Triest mit weiteren Informationen<\/a>.<\/span><\/p>\n<h3><strong><img loading=\"lazy\" decoding=\"async\" class=\"alignnone size-medium wp-image-4182\" src=\"http:\/\/trieste.green\/wp-content\/uploads\/2020\/08\/rosandra_cottur-600x451.jpg\" alt=\"\" width=\"600\" height=\"451\" srcset=\"https:\/\/trieste.green\/wp-content\/uploads\/2020\/08\/rosandra_cottur-600x451.jpg 600w, https:\/\/trieste.green\/wp-content\/uploads\/2020\/08\/rosandra_cottur-768x577.jpg 768w, https:\/\/trieste.green\/wp-content\/uploads\/2020\/08\/rosandra_cottur.jpg 799w\" sizes=\"auto, (max-width: 600px) 100vw, 600px\" \/><\/strong><\/h3>\n<h3><b>Der Pfad des Untergrundes<\/b><\/h3>\n<p><span style=\"font-weight: 400;\">Der Karst ist nicht nur Oberfl\u00e4che. Dieses Territorium verbirgt einige Wunder vor allem im Untergrund. Jenseits der Radwege und Pfade, die den Besucher in Richtung der Besonderheiten dieses Plateaus f\u00fchren, liegt der richtige Ansatz, Fundamente die verschiedene Elemente integriert haben zu erleben. Verwenden Sie aus diesem Grund R\u00e4der, um den Karst zu erreichen, und \u201cTauchen\u201d in seine unterirdischen Hohlr\u00e4ume (aber wie viele andere \u201cAttraktionen\u201d) die die Konturen annehmen welche als Kombination verschiedener Grenzverkehrswege benannt werden k\u00f6nnen.<\/span><\/p>\n<p><span style=\"font-weight: 400;\">Mit einem Mountainbike startend vom kleinen Ort <\/span><b>San Nazario<\/b><span style=\"font-weight: 400;\"> genannt (zwei Schritte weg vom Ort Prosecco und damals f\u00fcr die istrianischen Fl\u00fcchtlinge als Lager nach dem 2.Weltkrieg konstruiert) fahrt man die Stra\u00dfe die am einzigen italienischen Ort endet und die den Namen des weltweit meist getrunkenen Weines tr\u00e4gt; vom gefallenen Denkmal, das sich auf der Linken befindet, von dort f\u00fchrt ein angenehmer Weg in Richtung Santa Croce. Zwischen Aussichten auf das Meer und <\/span><b>dem Weg der nach dem Salbei benannt<\/b><span style=\"font-weight: 400;\"> wurde (das Callione Carsico mit Blick auf das Meer ist der Lebensraum, in dem zahlreiche Arten von Heilpflanzen wachsen) erreicht man nach einigen Kilometern das St\u00e4dtchen Aurisina, wo seit den Zeiten der antiken R\u00f6mer ein Steinbruch existiert, wo noch heute Kalkstein abgetragen wird.<\/span><\/p>\n<p><img loading=\"lazy\" decoding=\"async\" class=\"alignnone size-medium wp-image-3307\" src=\"http:\/\/trieste.green\/wp-content\/uploads\/2020\/08\/gal_salvia_prove-62-1-600x411.jpg\" alt=\"\" width=\"600\" height=\"411\" srcset=\"https:\/\/trieste.green\/wp-content\/uploads\/2020\/08\/gal_salvia_prove-62-1-600x411.jpg 600w, https:\/\/trieste.green\/wp-content\/uploads\/2020\/08\/gal_salvia_prove-62-1-1024x701.jpg 1024w, https:\/\/trieste.green\/wp-content\/uploads\/2020\/08\/gal_salvia_prove-62-1-768x526.jpg 768w, https:\/\/trieste.green\/wp-content\/uploads\/2020\/08\/gal_salvia_prove-62-1-1536x1052.jpg 1536w, https:\/\/trieste.green\/wp-content\/uploads\/2020\/08\/gal_salvia_prove-62-1.jpg 2000w\" sizes=\"auto, (max-width: 600px) 100vw, 600px\" \/><\/p>\n<p><span style=\"font-weight: 400;\">Verl\u00e4\u00dft man die Gegend, wo man die Adria mit einem Finger ber\u00fchren kann, entscheidet der Radfahrer, <\/span><b>das Dorf Slivia<\/b><span style=\"font-weight: 400;\"> zu erreichen und dort zu klettern (mit dem Fahrrad definitiv schwierig, besser zu parken und zu Fu\u00df weiter zu gehen) bis zum castelliere (befestigte Stadt). Auf den ersten Blick scheint es ein spitzer, unbequemer Steinhaufen, in Wirklichkeit ist es eine Ruine einer befestigten Stadt, oder eine antike Anlage, die in ferner vorr\u00f6mischer Zeit von den Bewohnern des Plateaus verwendet wurde. Diese Art von Stadtbefestigungen findet man in der gesamten Adria von Triest bis Apulien.<\/span><\/p>\n<p><span style=\"font-weight: 400;\">Nachdem man den Weg \u00fcber dem Dorf Slivia nahe den Ruinen des Castelliere genommen hat, wird\u00a0 der Track anspruchsvoll und f\u00fchrt zu den durchfurchten Feldern von <\/span><b>San Pelagio<\/b><span style=\"font-weight: 400;\">, der <\/span><b>Grotta Lindner<\/b><span style=\"font-weight: 400;\"> und der<\/span><b> Cavapocala<\/b><span style=\"font-weight: 400;\">. An diesem Punkt kann man leicht den Gemina \u2013 Pfad, der alten r\u00f6mischen Stra\u00dfe folgen. Diesen Weg kann man jedoch verlassen, um sich bald Richtung der Grotta Caterina zuzuwenden, ein Ort der jedes Jahr von Wanderern des Alpenvereins besucht wird, begleitet vom Dichter und Reisef\u00fchrer <\/span><a href=\"https:\/\/nacciluigi.wordpress.com\/\"><b>Luigi Nacci<\/b><\/a><span style=\"font-weight: 400;\">. Bewundern Sie die Reben von Prepotto und folgen Sie erneut dem <\/span><b>Pfad Gemina<\/b><span style=\"font-weight: 400;\">, hier k\u00f6nnen Sie auf die blaue Grotte und mit etwas Aufmerksamkeit bis zur Grotte No\u00e8 sto\u00dfen.<\/span><\/p>\n<p><span style=\"font-weight: 400;\">Lass uns anfangen um uns an die maximale Attraktion der Gefahren der H\u00f6hlenforschung des Karst zu n\u00e4hern. In der Lage, die Kuppel der Kirche San Pietro in Rom zu beherbergen, verdient die sogenannte <\/span><b>Grotta Gigante<\/b><span style=\"font-weight: 400;\"> auf alle F\u00e4lle einen Besuch. Wenn Sie in Eile sind: dann nein, besser es zu lassen. Diese riesige Karsth\u00f6hle ben\u00f6tigt einen ausgedehnten Ausflug (vorzugsweise mit F\u00fchrung). Um vom Eingang bis zum Ende der H\u00f6hle zu gelangen (\u00fcber 116 Meter tief), bedarf es Hunderte und Hunderte von Schritten auf und ab. Falls Sie in den ersten Tagen des Jahres in Triest sind, wird die Grotta Gigante zu einem Ort, an dem man an einem besonderen Ereignis teilnehmen kann genannt Befana. Am 6.Januar bringen Dutzende von lokalen und regionalen H\u00f6hlenforscher Geschenke an Kinder vom Eingang der Grotte bis ganz nach unten in die H\u00f6hle. Ein Spektakel, atemberaubend und versch\u00f6nert von den Wundern die in dieser H\u00f6hle stecken.<\/span><\/p>\n<h3><b>Gebiet Doberd\u00f2 del Lago<\/b><\/h3>\n<p><span style=\"font-weight: 400;\">Nicht jeder wei\u00df, dass es in der Gegend von Doberd\u00f2 in der N\u00e4he des flach gelegenen Karst zwischen G\u00f6rz und Triest einen sehr selten vorkommenden Karstsee gibt. Ein Becken, das sich dank Regenwasser periodisch f\u00fcllt und das Tal \u00fcberflutet. Eine M\u00f6glichkeit, es in seiner ganzen Pracht zu bewundern, besteht sicherlich darin, sich auf zwei R\u00e4dern fortzubewegen. Neben der Karst-Besonderheit wird der Doberd\u00f2-See auch als einer der wenigen europ\u00e4ischen Beispiele eines Seeteiches erw\u00e4hnt.<\/span><\/p>\n<p><img loading=\"lazy\" decoding=\"async\" class=\"alignnone size-medium wp-image-3340\" src=\"http:\/\/trieste.green\/wp-content\/uploads\/2020\/08\/IMG_8453-1-1-600x400.jpg\" alt=\"\" width=\"600\" height=\"400\" srcset=\"https:\/\/trieste.green\/wp-content\/uploads\/2020\/08\/IMG_8453-1-1-600x400.jpg 600w, https:\/\/trieste.green\/wp-content\/uploads\/2020\/08\/IMG_8453-1-1-1024x683.jpg 1024w, https:\/\/trieste.green\/wp-content\/uploads\/2020\/08\/IMG_8453-1-1-768x512.jpg 768w, https:\/\/trieste.green\/wp-content\/uploads\/2020\/08\/IMG_8453-1-1-1536x1024.jpg 1536w, https:\/\/trieste.green\/wp-content\/uploads\/2020\/08\/IMG_8453-1-1-2048x1365.jpg 2048w\" sizes=\"auto, (max-width: 600px) 100vw, 600px\" \/><\/p>\n<p><span style=\"font-weight: 400;\">Die Bedeutung dieser geologischen Vergangenheit wird abgeleitet aus dem Vorhandensein von Quellen oder Dolinen, wie der nahe gelegene See Pietrarossa zeigt. Plaziert im regionalen Naturschutzgebiet der <\/span><b>\u201cSeen Doberd\u00f2 und Pietrarossa\u201d<\/b><span style=\"font-weight: 400;\"> zeigen sich die beiden in ihrer gesamten Sch\u00f6nheit, vor allem wenn sie sich f\u00fcllen. Um sie von oben zu betrachten, k\u00f6nnen Sie in die Pedale treten bis zum Besucherzentrum Gradina (im Dorf sind die Richtungen angegeben wie man es erreicht). Von hier aus kann man einem alten Fu\u00dfg\u00e4ngerweg folgen um nach mehr oder weniger einem Kilometer auf einen aufgelassenen Steinbruch zu sto\u00dfen. Wenn Sie sich etwas anstrengen m\u00f6chten, k\u00f6nnen Sie den Weg <\/span><b>CAI 77<\/b><span style=\"font-weight: 400;\"> nehmen, der den Radfahrer zu den H\u00e4ngen des <\/span><b>colle Nero<\/b><span style=\"font-weight: 400;\"> f\u00fchrt. Von hier aus k\u00f6nnen Sie ihr Fahrrad abstellen und die <\/span><b>Casa Cadorna<\/b><span style=\"font-weight: 400;\"> besuchen.<\/span><\/p>\n<p><span style=\"font-weight: 400;\">Die Geschichte besagt, dass der Befehlshaber der italienischen Armee w\u00e4hrend des Ersten Weltkrieges in diesem Wohngeb\u00e4ude verblieb und seinen Namen der Struktur aufdr\u00fcckte. Das gesamte Gebiet von Doberd\u00f2 und seinem Umfeld \u2013 hier fand die erste Frontlinie statt \u2013 war Schauplatz erbitterter K\u00e4mpfe zwischen Italienern und Ungarn w\u00e4hrend des Ersten Weltkrieges. Ein Zeugnis all dessen \u2013 f\u00fcr Reiseliebhaber \u2013 ist, dass es auch heute noch nach mehr als einem Jahrhundert im ungarischen Land Pl\u00e4tze und Stra\u00dfen gibt, die der Karststadt gewidmet sind.<\/span><\/p>\n<div id=\"tw-container\" class=\"YQaNob\" data-cp=\"1\" data-is-ver=\"false\" data-nnttsvi=\"1\" data-sugg-time=\"500\" data-sugg-url=\"https:\/\/clients1.google.com\/complete\/search\" data-uilc=\"it\">\n<div>\n<div>\n<div id=\"tw-ob\" class=\"tw-src-ltr\">\n<div class=\"oSioSc\">\n<div id=\"tw-target\">\n<div id=\"kAz1tf\" class=\"g9WsWb\">\n<div id=\"tw-target-text-container\" class=\"tw-ta-container hide-focus-ring tw-nfl\" tabindex=\"0\">\n<p id=\"tw-target-text\" class=\"tw-data-text tw-text-large XcVN5d tw-ta\" dir=\"ltr\" data-placeholder=\"Traduzione\"><span class=\"Y2IQFc\" lang=\"de\">Um herauszufinden, wo sich Doberd\u00f2 del Lago befindet, <a href=\"https:\/\/osm.org\/go\/0IONDpg?relation=179159\">klicken Sie hier<\/a>.<\/span><\/p>\n<\/div>\n<\/div>\n<\/div>\n<\/div>\n<\/div>\n<\/div>\n<\/div>\n<\/div>\n<h3><b>Zwischen Duino und Umgebung<\/b><\/h3>\n<p><span style=\"font-weight: 400;\">Vom Eingang des <\/span><b>Rilke-Pfades<\/b><span style=\"font-weight: 400;\"> \u2013 benannt nach dem ber\u00fchmten Dichter, der in der Vergangenheit hier lebte \u2013 k\u00f6nnen Sie mit wenigen Pedaltritten einige Orte mit einzigartigem Charme erreichen: vom Wiedererscheinen des Flusses Timavo, durch antike Legenden bis hin zu den Dinosauriern des Villaggio del Pescatore. Auf den Fahrradsattel zu steigen in diesem Abschnitt der Ostgrenze kann Einblicke geben und ist f\u00e4hig Emotionen aufleben zu lassen, die geeignet sind auch \u00e4rgste Skeptiker zu \u00fcberzeugen.<\/span><\/p>\n<p><img loading=\"lazy\" decoding=\"async\" class=\"size-medium wp-image-3301\" src=\"http:\/\/trieste.green\/wp-content\/uploads\/2020\/08\/TFF002381-600x398.jpg\" alt=\"\" width=\"600\" height=\"398\" srcset=\"https:\/\/trieste.green\/wp-content\/uploads\/2020\/08\/TFF002381-600x398.jpg 600w, https:\/\/trieste.green\/wp-content\/uploads\/2020\/08\/TFF002381-1024x680.jpg 1024w, https:\/\/trieste.green\/wp-content\/uploads\/2020\/08\/TFF002381-768x510.jpg 768w, https:\/\/trieste.green\/wp-content\/uploads\/2020\/08\/TFF002381-1536x1020.jpg 1536w, https:\/\/trieste.green\/wp-content\/uploads\/2020\/08\/TFF002381.jpg 1920w\" sizes=\"auto, (max-width: 600px) 100vw, 600px\" \/><\/p>\n<p><span style=\"font-weight: 400;\">Vom Beginn des Rilke-Weges in Duino nehmen Sie die asphaltierte Stra\u00dfe, sie f\u00fchrt durch das bewohnte Zentrum und geht kurz danach in eine Schotterstra\u00dfe \u00fcber, diese zeigt in Richtung alter <\/span><b>Wald von Cernizza<\/b><span style=\"font-weight: 400;\"> (slowenisch \u201clecceta\u201d \u2013Steineiche). Nachdem wir die Stille bewundert haben, die in diesem immergr\u00fcnen Gebiet herrscht, erreichen wir eine Kreuzung (cr\u00f2sera Dialekt) an der acht Spuren zusammenlaufen. Von hier aus, nachdem wir die Zone <\/span><b>Jama Terezina<\/b><span style=\"font-weight: 400;\"> (\u201cGrotte Fioravante\u201d italienisch) hinter uns gelassen haben bewegen wir uns zu einem Abstieg in Richtung Villaggio del Pescatore, einem K\u00fcstendorf erbaut im Zweiten Weltkrieg, in dem istrische Fl\u00fcchtlinge aufgenommen werden sollten. Von der malerischen Lage aus erreichen Sie die M\u00fcndung des Timavo, einem mysteri\u00f6sen unterirdischen Fluss, der an den H\u00e4ngen des Berges Sneznik (italienisch schneebedeckt) entspringt, an der Grenze zwischen Kroatien und Slowenien. Ein absolut mystischer Ort, bereits vom Dichter Virgil erw\u00e4hnt, der vom legend\u00e4ren Landeplatz der Argonauten einem Volk aus dem antiken Griechenland erz\u00e4hlt und unter anderem vom Triestiner Schriftsteller Claudio Magris beschrieben wird.<\/span><\/p>\n<p><span style=\"font-weight: 400;\">Wenn der Besuch der pr\u00e4chtigen Kirche San Giovanni in Tuba abgeschlossen ist und Sie wieder auf das Fahrrad steigen, k\u00f6nnen Sie problemlos nach Duino zur\u00fcckkehren wo Sie, um die Etappe abzuschlie\u00dfen, hier vom Sonnenuntergang \u00fcber den Gipfeln der Klippen verzaubert werden, s\u00fcdlich des Rilke Pfades.<\/span><\/p>\n<p>Um diesen Pfad zu entdecken, <a href=\"https:\/\/osm.org\/go\/0IOJ2rNO--\">klicken Sie hier<\/a>.<\/p>\n<h3><b>Jenseits des Karst in Richtung Grado<\/b><\/h3>\n<p><span style=\"font-weight: 400;\">Am n\u00f6rdlichsten Punkt des Mittelmeeres gibt es einige Lagunen an der Adria von unbestreitbarem Charme, die von Tausenden von Besuchern geliebt werden. Die von <\/span><b>Grado<\/b><span style=\"font-weight: 400;\"> \u2013 die sowohl kulturell als auch geographisch am n\u00e4chsten an Triest und dem Karst liegt \u2013 bietet einige Ideen zum Radl\u2019n. Startet man vom Zentrum der <\/span><b>isola del Sole<\/b><span style=\"font-weight: 400;\"> (Grado ha teine Sonneneinstrahlung von Hundert Tagen im Jahr) in Richtung Osten k\u00f6nnen Sie in absoluter Sicherheit radeln, dank einiger Radwege, die die verschiedenen Str\u00e4nde der K\u00fcste miteinander verbinden.<\/span><\/p>\n<p><span style=\"font-weight: 400;\">Einer der Orte mit dem gr\u00f6\u00dften naturalistischen Wert ist sicherlich das <\/span><b>regionale<\/b> <b>Naturschutzgebiet Val Cavanata<\/b><span style=\"font-weight: 400;\">. Das Tal ist beeinflusst von der \u00dcberwinterung von etwa 260 Vogelarten, die seit 1996, dem Jahr der Entstehung bis heute auf diesem Gel\u00e4nde gemeldet wurden. \u201cFeuchtes Gebiet von internationalem Wert\u201d, dieses Reservat beherbergt seit einigen Jahren Schw\u00e4rme von Flamingos.<\/span><\/p>\n<p><img loading=\"lazy\" decoding=\"async\" class=\"alignnone wp-image-3304\" src=\"http:\/\/trieste.green\/wp-content\/uploads\/2020\/08\/TFF007486-398x600.jpg\" alt=\"\" width=\"336\" height=\"507\" srcset=\"https:\/\/trieste.green\/wp-content\/uploads\/2020\/08\/TFF007486-398x600.jpg 398w, https:\/\/trieste.green\/wp-content\/uploads\/2020\/08\/TFF007486-679x1024.jpg 679w, https:\/\/trieste.green\/wp-content\/uploads\/2020\/08\/TFF007486-768x1157.jpg 768w, https:\/\/trieste.green\/wp-content\/uploads\/2020\/08\/TFF007486-1019x1536.jpg 1019w, https:\/\/trieste.green\/wp-content\/uploads\/2020\/08\/TFF007486-600x904.jpg 600w, https:\/\/trieste.green\/wp-content\/uploads\/2020\/08\/TFF007486.jpg 1274w\" sizes=\"auto, (max-width: 336px) 100vw, 336px\" \/><\/p>\n<p><span style=\"font-weight: 400;\">Nicht weit entfernt befindet sich das Reservat <\/span><b>isola della Cona<\/b><span style=\"font-weight: 400;\">, ein echtes Denkmal biologischer Viefalt und ein Ort von internationaler Bedeutung f\u00fcr Zugv\u00f6gel, die von Nordeuropa in die Adria kommen um zu \u00fcberwintern. Die Gegend rundum Grado bis zur M\u00fcndung des Isonzo ist ein wahres Paradies f\u00fcr diejenigen, die ohne gro\u00dfe Anstrengung in die Pedale treten und die Wunder der Natur genie\u00dfen m\u00f6chten.<\/span><\/p>\n<p><span style=\"font-weight: 400;\">F\u00fcr die Unternehmungslustigeren, in dem Gebiet der isola della Cona, k\u00f6nnen Sie ihr Fahrrad in Richtung <\/span><b>Monfalcone und Doberd\u00f2<\/b><span style=\"font-weight: 400;\"> lenken. Von hier aus \u2013 vorzugsweise mit einem E-Bike oder auch nicht \u2013 k\u00f6nnen Sie in Verbindung mit den vielen Radwegnetzen und Wanderwegen im Karst die <\/span><b>unz\u00e4hligen \u00dcberschneidungen<\/b><span style=\"font-weight: 400;\"> (historisch, \u00f6kologisch und kulturell) kennen lernen, die das Gebiet nahe der Grenze bietet. Von Grado in die Stadt der Werften, entlang der Front im Ersten Weltkrieg, wo es gelingt sich in die Sonnenunterg\u00e4nge am Meer zu verlieben und dar\u00fcber hinaus sich in den Weinbergen zu verlieren oder die Augen in einer Grotte zu schlie\u00dfen und sich die ohrenbet\u00e4ubende Stille vorzustellen, all das ist ein Privileg einer Welt wo die Adria sich mit dem Kalkstein verbindet und wo die Fl\u00fcsse nach kilometerlangem unterirdischen Verlauf wieder an die Oberfl\u00e4che kommen.<\/span><\/p>\n<p>Um herauszufinden, wo sich Grado befindet, <a href=\"https:\/\/osm.org\/go\/0IOAOMq-?relation=179148\">klicken Sie hier<\/a>.<\/p>\n<h3><b>Das Gebiet des Val Rosandra<\/b><\/h3>\n<p><span style=\"font-weight: 400;\">Schon als einer der <\/span><b>sch\u00f6nsten Orte im Freien wo man dem Klettersport fr\u00f6nen kann<\/b><span style=\"font-weight: 400;\"> erw\u00e4hnt, ist das Val Rosandra (slowenisch Glinscica) eine Gegend die besonders von den Triestiner Ausfl\u00fcglern und Fremden geliebt wird und auch auf Fahrr\u00e4dern bewundert werden kann. Ausgehend vom bewohnten Zentrum <\/span><b>Basovizza<\/b><span style=\"font-weight: 400;\"> (ber\u00fchmt f\u00fcr das Denkmal der Opfer von Dolinen und das Denkmal Erschossener, aufgesucht von Pr\u00e4sident Sergio Mattarella und Borut Pahor am historischen 13.Juli 2020) erreichen Sie die kleine Stadt <\/span><b>San Lorenzo<\/b><span style=\"font-weight: 400;\"> (slowenisch \u201cJezero\u201d) von wo aus Sie das majest\u00e4tische Tal in seiner ganzen Breite bewundern k\u00f6nnen.<\/span><\/p>\n<p><img loading=\"lazy\" decoding=\"async\" class=\"alignnone size-medium wp-image-3310\" src=\"http:\/\/trieste.green\/wp-content\/uploads\/2020\/08\/TFF002598-600x400.jpg\" alt=\"\" width=\"600\" height=\"400\" \/><\/p>\n<p><span style=\"font-weight: 400;\">Vom Aussichtspunkt San Lorenzo, wo man den Canyon geschliffen vom Rosandra-Bach beobachten kann, geht es eine ziemlich steile Stra\u00dfe weiter, zum Dorf Hervati, von wo aus Sie kurz darauf auf einen Radweg treffen, der auf der alten Eisenbahnlinie <\/span><b>Triest-Erpelle<\/b><span style=\"font-weight: 400;\"> errichtet wurde. Von hier aus k\u00f6nnen Sie entscheiden, ob Sie ins Zentrum der Landeshauptstadt zur\u00fcckkehren oder in Richtung der ehemaligen Staatsgrenze fahren m\u00f6chten. Eine der eindrucksvollsten Momente, um auf dieser langen, alten Strecke zu fahren, sind Sommerabende. In der N\u00e4he eines der Tunnel auf dem Cottur-Radweg (siehe oben) versammeln sich seit Jahren <\/span><b>funkelnde Gl\u00fchw\u00fcrmchenwolken<\/b><span style=\"font-weight: 400;\">. Ein Naturschauspiel, das sehr selten in lokalen Reisef\u00fchrern erw\u00e4hnt wird.<\/span><\/p>\n<p><span style=\"font-weight: 400;\">Das nach S\u00fcden geneigte Tal bietet sich dem Radfahrer als absolut magischer Ort an. Die Heimat von Bergsteigern, Wanderern, Triestinern auf der Suche nach Erfrischung an hei\u00dfen Sommertagen und noch immer verdientes Naturschutzgebiet, ein Ort, der naturalistischen Ideen und literarischen Vorschl\u00e4gen wie kein anderer auf der Welt bietet, repr\u00e4sentiert das Val Rosandra einen \u00dcbergang wo die Durchreise der Menschen eingefroren ist von der Unsterblichkeit der Zeit. Wenn man den Fahrradweg weiter f\u00e4hrt kommt man zum Dorf Drag um dort autonom und sich vom Wind tragen lassend zu entscheiden ob man Richtung Bassovizza und Richtung Gipfel des Monte Kokos aufsteigt oder sich davor ein bi\u00dfchen Abstand nimmt und auf der anderen Seite der Grenze f\u00e4hrt.<\/span><\/p>\n<p>Um herauszufinden, wo sich Val Rosandra befindet, <a href=\"https:\/\/osm.org\/go\/0IL2oROl-?node=490239674\">klicken Sie hier<\/a>.<\/p>\n<h3>Laden Sie den Leitfaden &#8222;<a href=\"http:\/\/trieste.green\/wp-content\/uploads\/2020\/10\/GeopedalandoCarso2016_web.pdf\">Geopedalando in Friaul-Julisch Venetien<\/a>&#8220; herunter, eine geologische Fahrt zur Entdeckung der Geosites des klassischen Karsts durch die Zentrale Direktion f\u00fcr Umwelt und Energie der Autonomen Region Friaul-Julisch Venetien.<\/h3>\n<p>[\/vc_column_text][\/vc_column][vc_column width=&#8220;1\/6&#8243;][vc_widget_sidebar sidebar_id=&#8220;right&#8220;][\/vc_column][\/vc_row][vc_row full_width=&#8220;stretch_row_content&#8220;][vc_column el_class=&#8220;box-padding&#8220;]<div class=\"widget widget-sidebar \"><div class=\"s-title\"><h2>Esperienze correlate<\/h2><\/div><p>Unfortunately no tours were found.<\/p><\/div>[\/vc_column][\/vc_row][vc_row css=&#8220;.vc_custom_1602674918754{padding-top: 60px !important;padding-right: 5vw !important;padding-bottom: 30px !important;padding-left: 5vw !important;}&#8220;][vc_column css=&#8220;.vc_custom_1560081049926{padding-top: 0px !important;}&#8220;][vc_custom_heading text=&#8220;In Zusammenarbeit mit&#8220; font_container=&#8220;tag:h2|text_align:center|color:%23171a18&#8243; use_theme_fonts=&#8220;yes&#8220; css_animation=&#8220;slideInUp&#8220; css=&#8220;.vc_custom_1620809312948{padding-top: 30px !important;padding-bottom: 0px !important;}&#8220;][vc_row_inner][vc_column_inner width=&#8220;1\/3&#8243; offset=&#8220;vc_col-xs-12&#8243;][\/vc_column_inner][vc_column_inner width=&#8220;1\/3&#8243; offset=&#8220;vc_col-xs-12&#8243;][vc_single_image image=&#8220;3215&#8243; img_size=&#8220;full&#8220; alignment=&#8220;center&#8220;][\/vc_column_inner][vc_column_inner width=&#8220;1\/3&#8243; offset=&#8220;vc_col-xs-12&#8243;][\/vc_column_inner][\/vc_row_inner][\/vc_column][\/vc_row]<\/p>\n","protected":false},"excerpt":{"rendered":"<p>Die Sch\u00f6nheiten der Ostgrenze zwischen Karst und Adria k\u00f6nnen auf unterschiedliche Weise beobachtet werden. Eine davon ist sicherlich, vorausgesetzt auf R\u00e4dern: in die Pedale treten auf Wegen eingebettet in Naturschutzgebieten, auf Gipfeln \u00fcber dem Meer oder mitgerissen \u00fcber Kalkstein, bedeckt vom tausendf\u00e4rbigen Laub der B\u00e4ume.<\/p>\n","protected":false},"author":7,"featured_media":3300,"comment_status":"closed","ping_status":"open","sticky":false,"template":"","format":"standard","meta":{"footnotes":""},"categories":[399],"tags":[398],"class_list":["post-5432","post","type-post","status-publish","format-standard","has-post-thumbnail","hentry","category-was-in-der-natur-zu-tun","tag-geoparco-de"],"yoast_head":"<!-- This site is optimized with the Yoast SEO plugin v26.6 - https:\/\/yoast.com\/wordpress\/plugins\/seo\/ -->\n<title>Die sch\u00f6nsten Radwege zwischen Karst und Istrien - Trieste Green<\/title>\n<meta name=\"robots\" content=\"index, follow, max-snippet:-1, max-image-preview:large, max-video-preview:-1\" \/>\n<link rel=\"canonical\" href=\"https:\/\/trieste.green\/de\/die-schonsten-radwege-zwischen-karst-und-istrien\/\" \/>\n<meta property=\"og:locale\" content=\"de_DE\" \/>\n<meta property=\"og:type\" content=\"article\" \/>\n<meta property=\"og:title\" content=\"Die sch\u00f6nsten Radwege zwischen Karst und Istrien - Trieste Green\" \/>\n<meta property=\"og:description\" content=\"Die Sch\u00f6nheiten der Ostgrenze zwischen Karst und Adria k\u00f6nnen auf unterschiedliche Weise beobachtet werden. Eine davon ist sicherlich, vorausgesetzt auf R\u00e4dern: in die Pedale treten auf Wegen eingebettet in Naturschutzgebieten, auf Gipfeln \u00fcber dem Meer oder mitgerissen \u00fcber Kalkstein, bedeckt vom tausendf\u00e4rbigen Laub der B\u00e4ume.\" \/>\n<meta property=\"og:url\" content=\"https:\/\/trieste.green\/de\/die-schonsten-radwege-zwischen-karst-und-istrien\/\" \/>\n<meta property=\"og:site_name\" content=\"Trieste Green\" \/>\n<meta property=\"article:published_time\" content=\"2020-08-28T13:46:25+00:00\" \/>\n<meta property=\"article:modified_time\" content=\"2021-05-12T08:54:21+00:00\" \/>\n<meta property=\"og:image\" content=\"https:\/\/trieste.green\/wp-content\/uploads\/2020\/08\/GAL-AgriturismoBajta_10-09-20__Giovanni-Aiello-46-1-scaled.jpg\" \/>\n\t<meta property=\"og:image:width\" content=\"2560\" \/>\n\t<meta property=\"og:image:height\" content=\"1707\" \/>\n\t<meta property=\"og:image:type\" content=\"image\/jpeg\" \/>\n<meta name=\"author\" content=\"triestegreen\" \/>\n<meta name=\"twitter:card\" content=\"summary_large_image\" \/>\n<meta name=\"twitter:label1\" content=\"Verfasst von\" \/>\n\t<meta name=\"twitter:data1\" content=\"triestegreen\" \/>\n\t<meta name=\"twitter:label2\" content=\"Gesch\u00e4tzte Lesezeit\" \/>\n\t<meta name=\"twitter:data2\" content=\"13\u00a0Minuten\" \/>\n<script type=\"application\/ld+json\" class=\"yoast-schema-graph\">{\"@context\":\"https:\/\/schema.org\",\"@graph\":[{\"@type\":\"Article\",\"@id\":\"https:\/\/trieste.green\/de\/die-schonsten-radwege-zwischen-karst-und-istrien\/#article\",\"isPartOf\":{\"@id\":\"https:\/\/trieste.green\/de\/die-schonsten-radwege-zwischen-karst-und-istrien\/\"},\"author\":{\"name\":\"triestegreen\",\"@id\":\"https:\/\/trieste.green\/de\/#\/schema\/person\/8e62739aff615332d7158398822ec443\"},\"headline\":\"Die sch\u00f6nsten Radwege zwischen Karst und Istrien\",\"datePublished\":\"2020-08-28T13:46:25+00:00\",\"dateModified\":\"2021-05-12T08:54:21+00:00\",\"mainEntityOfPage\":{\"@id\":\"https:\/\/trieste.green\/de\/die-schonsten-radwege-zwischen-karst-und-istrien\/\"},\"wordCount\":2567,\"publisher\":{\"@id\":\"https:\/\/trieste.green\/de\/#organization\"},\"image\":{\"@id\":\"https:\/\/trieste.green\/de\/die-schonsten-radwege-zwischen-karst-und-istrien\/#primaryimage\"},\"thumbnailUrl\":\"https:\/\/trieste.green\/wp-content\/uploads\/2020\/08\/GAL-AgriturismoBajta_10-09-20__Giovanni-Aiello-46-1-scaled.jpg\",\"keywords\":[\"Geoparco\"],\"articleSection\":[\"Was in der Natur zu tun\"],\"inLanguage\":\"de\"},{\"@type\":\"WebPage\",\"@id\":\"https:\/\/trieste.green\/de\/die-schonsten-radwege-zwischen-karst-und-istrien\/\",\"url\":\"https:\/\/trieste.green\/de\/die-schonsten-radwege-zwischen-karst-und-istrien\/\",\"name\":\"Die sch\u00f6nsten Radwege zwischen Karst und Istrien - Trieste Green\",\"isPartOf\":{\"@id\":\"https:\/\/trieste.green\/de\/#website\"},\"primaryImageOfPage\":{\"@id\":\"https:\/\/trieste.green\/de\/die-schonsten-radwege-zwischen-karst-und-istrien\/#primaryimage\"},\"image\":{\"@id\":\"https:\/\/trieste.green\/de\/die-schonsten-radwege-zwischen-karst-und-istrien\/#primaryimage\"},\"thumbnailUrl\":\"https:\/\/trieste.green\/wp-content\/uploads\/2020\/08\/GAL-AgriturismoBajta_10-09-20__Giovanni-Aiello-46-1-scaled.jpg\",\"datePublished\":\"2020-08-28T13:46:25+00:00\",\"dateModified\":\"2021-05-12T08:54:21+00:00\",\"breadcrumb\":{\"@id\":\"https:\/\/trieste.green\/de\/die-schonsten-radwege-zwischen-karst-und-istrien\/#breadcrumb\"},\"inLanguage\":\"de\",\"potentialAction\":[{\"@type\":\"ReadAction\",\"target\":[\"https:\/\/trieste.green\/de\/die-schonsten-radwege-zwischen-karst-und-istrien\/\"]}]},{\"@type\":\"ImageObject\",\"inLanguage\":\"de\",\"@id\":\"https:\/\/trieste.green\/de\/die-schonsten-radwege-zwischen-karst-und-istrien\/#primaryimage\",\"url\":\"https:\/\/trieste.green\/wp-content\/uploads\/2020\/08\/GAL-AgriturismoBajta_10-09-20__Giovanni-Aiello-46-1-scaled.jpg\",\"contentUrl\":\"https:\/\/trieste.green\/wp-content\/uploads\/2020\/08\/GAL-AgriturismoBajta_10-09-20__Giovanni-Aiello-46-1-scaled.jpg\",\"width\":2560,\"height\":1707},{\"@type\":\"BreadcrumbList\",\"@id\":\"https:\/\/trieste.green\/de\/die-schonsten-radwege-zwischen-karst-und-istrien\/#breadcrumb\",\"itemListElement\":[{\"@type\":\"ListItem\",\"position\":1,\"name\":\"Home\",\"item\":\"https:\/\/trieste.green\/de\/\"},{\"@type\":\"ListItem\",\"position\":2,\"name\":\"Die sch\u00f6nsten Radwege zwischen Karst und Istrien\"}]},{\"@type\":\"WebSite\",\"@id\":\"https:\/\/trieste.green\/de\/#website\",\"url\":\"https:\/\/trieste.green\/de\/\",\"name\":\"Trieste Green\",\"description\":\"\",\"publisher\":{\"@id\":\"https:\/\/trieste.green\/de\/#organization\"},\"potentialAction\":[{\"@type\":\"SearchAction\",\"target\":{\"@type\":\"EntryPoint\",\"urlTemplate\":\"https:\/\/trieste.green\/de\/?s={search_term_string}\"},\"query-input\":{\"@type\":\"PropertyValueSpecification\",\"valueRequired\":true,\"valueName\":\"search_term_string\"}}],\"inLanguage\":\"de\"},{\"@type\":\"Organization\",\"@id\":\"https:\/\/trieste.green\/de\/#organization\",\"name\":\"Trieste Green\",\"url\":\"https:\/\/trieste.green\/de\/\",\"logo\":{\"@type\":\"ImageObject\",\"inLanguage\":\"de\",\"@id\":\"https:\/\/trieste.green\/de\/#\/schema\/logo\/image\/\",\"url\":\"http:\/\/trieste.green\/wp-content\/uploads\/2020\/08\/logo-tsgreen-1-128h.png\",\"contentUrl\":\"http:\/\/trieste.green\/wp-content\/uploads\/2020\/08\/logo-tsgreen-1-128h.png\",\"width\":128,\"height\":128,\"caption\":\"Trieste Green\"},\"image\":{\"@id\":\"https:\/\/trieste.green\/de\/#\/schema\/logo\/image\/\"}},{\"@type\":\"Person\",\"@id\":\"https:\/\/trieste.green\/de\/#\/schema\/person\/8e62739aff615332d7158398822ec443\",\"name\":\"triestegreen\",\"image\":{\"@type\":\"ImageObject\",\"inLanguage\":\"de\",\"@id\":\"https:\/\/trieste.green\/de\/#\/schema\/person\/image\/\",\"url\":\"https:\/\/secure.gravatar.com\/avatar\/1e6b4baf2506f97daad62b10d7692bce83a16e2c3260dbcab35ecb9287565e61?s=96&d=mm&r=g\",\"contentUrl\":\"https:\/\/secure.gravatar.com\/avatar\/1e6b4baf2506f97daad62b10d7692bce83a16e2c3260dbcab35ecb9287565e61?s=96&d=mm&r=g\",\"caption\":\"triestegreen\"},\"url\":\"https:\/\/trieste.green\/de\/author\/triestegreen\/\"}]}<\/script>\n<!-- \/ Yoast SEO plugin. -->","yoast_head_json":{"title":"Die sch\u00f6nsten Radwege zwischen Karst und Istrien - Trieste Green","robots":{"index":"index","follow":"follow","max-snippet":"max-snippet:-1","max-image-preview":"max-image-preview:large","max-video-preview":"max-video-preview:-1"},"canonical":"https:\/\/trieste.green\/de\/die-schonsten-radwege-zwischen-karst-und-istrien\/","og_locale":"de_DE","og_type":"article","og_title":"Die sch\u00f6nsten Radwege zwischen Karst und Istrien - Trieste Green","og_description":"Die Sch\u00f6nheiten der Ostgrenze zwischen Karst und Adria k\u00f6nnen auf unterschiedliche Weise beobachtet werden. Eine davon ist sicherlich, vorausgesetzt auf R\u00e4dern: in die Pedale treten auf Wegen eingebettet in Naturschutzgebieten, auf Gipfeln \u00fcber dem Meer oder mitgerissen \u00fcber Kalkstein, bedeckt vom tausendf\u00e4rbigen Laub der B\u00e4ume.","og_url":"https:\/\/trieste.green\/de\/die-schonsten-radwege-zwischen-karst-und-istrien\/","og_site_name":"Trieste Green","article_published_time":"2020-08-28T13:46:25+00:00","article_modified_time":"2021-05-12T08:54:21+00:00","og_image":[{"width":2560,"height":1707,"url":"https:\/\/trieste.green\/wp-content\/uploads\/2020\/08\/GAL-AgriturismoBajta_10-09-20__Giovanni-Aiello-46-1-scaled.jpg","type":"image\/jpeg"}],"author":"triestegreen","twitter_card":"summary_large_image","twitter_misc":{"Verfasst von":"triestegreen","Gesch\u00e4tzte Lesezeit":"13\u00a0Minuten"},"schema":{"@context":"https:\/\/schema.org","@graph":[{"@type":"Article","@id":"https:\/\/trieste.green\/de\/die-schonsten-radwege-zwischen-karst-und-istrien\/#article","isPartOf":{"@id":"https:\/\/trieste.green\/de\/die-schonsten-radwege-zwischen-karst-und-istrien\/"},"author":{"name":"triestegreen","@id":"https:\/\/trieste.green\/de\/#\/schema\/person\/8e62739aff615332d7158398822ec443"},"headline":"Die sch\u00f6nsten Radwege zwischen Karst und Istrien","datePublished":"2020-08-28T13:46:25+00:00","dateModified":"2021-05-12T08:54:21+00:00","mainEntityOfPage":{"@id":"https:\/\/trieste.green\/de\/die-schonsten-radwege-zwischen-karst-und-istrien\/"},"wordCount":2567,"publisher":{"@id":"https:\/\/trieste.green\/de\/#organization"},"image":{"@id":"https:\/\/trieste.green\/de\/die-schonsten-radwege-zwischen-karst-und-istrien\/#primaryimage"},"thumbnailUrl":"https:\/\/trieste.green\/wp-content\/uploads\/2020\/08\/GAL-AgriturismoBajta_10-09-20__Giovanni-Aiello-46-1-scaled.jpg","keywords":["Geoparco"],"articleSection":["Was in der Natur zu tun"],"inLanguage":"de"},{"@type":"WebPage","@id":"https:\/\/trieste.green\/de\/die-schonsten-radwege-zwischen-karst-und-istrien\/","url":"https:\/\/trieste.green\/de\/die-schonsten-radwege-zwischen-karst-und-istrien\/","name":"Die sch\u00f6nsten Radwege zwischen Karst und Istrien - Trieste Green","isPartOf":{"@id":"https:\/\/trieste.green\/de\/#website"},"primaryImageOfPage":{"@id":"https:\/\/trieste.green\/de\/die-schonsten-radwege-zwischen-karst-und-istrien\/#primaryimage"},"image":{"@id":"https:\/\/trieste.green\/de\/die-schonsten-radwege-zwischen-karst-und-istrien\/#primaryimage"},"thumbnailUrl":"https:\/\/trieste.green\/wp-content\/uploads\/2020\/08\/GAL-AgriturismoBajta_10-09-20__Giovanni-Aiello-46-1-scaled.jpg","datePublished":"2020-08-28T13:46:25+00:00","dateModified":"2021-05-12T08:54:21+00:00","breadcrumb":{"@id":"https:\/\/trieste.green\/de\/die-schonsten-radwege-zwischen-karst-und-istrien\/#breadcrumb"},"inLanguage":"de","potentialAction":[{"@type":"ReadAction","target":["https:\/\/trieste.green\/de\/die-schonsten-radwege-zwischen-karst-und-istrien\/"]}]},{"@type":"ImageObject","inLanguage":"de","@id":"https:\/\/trieste.green\/de\/die-schonsten-radwege-zwischen-karst-und-istrien\/#primaryimage","url":"https:\/\/trieste.green\/wp-content\/uploads\/2020\/08\/GAL-AgriturismoBajta_10-09-20__Giovanni-Aiello-46-1-scaled.jpg","contentUrl":"https:\/\/trieste.green\/wp-content\/uploads\/2020\/08\/GAL-AgriturismoBajta_10-09-20__Giovanni-Aiello-46-1-scaled.jpg","width":2560,"height":1707},{"@type":"BreadcrumbList","@id":"https:\/\/trieste.green\/de\/die-schonsten-radwege-zwischen-karst-und-istrien\/#breadcrumb","itemListElement":[{"@type":"ListItem","position":1,"name":"Home","item":"https:\/\/trieste.green\/de\/"},{"@type":"ListItem","position":2,"name":"Die sch\u00f6nsten Radwege zwischen Karst und Istrien"}]},{"@type":"WebSite","@id":"https:\/\/trieste.green\/de\/#website","url":"https:\/\/trieste.green\/de\/","name":"Trieste Green","description":"","publisher":{"@id":"https:\/\/trieste.green\/de\/#organization"},"potentialAction":[{"@type":"SearchAction","target":{"@type":"EntryPoint","urlTemplate":"https:\/\/trieste.green\/de\/?s={search_term_string}"},"query-input":{"@type":"PropertyValueSpecification","valueRequired":true,"valueName":"search_term_string"}}],"inLanguage":"de"},{"@type":"Organization","@id":"https:\/\/trieste.green\/de\/#organization","name":"Trieste Green","url":"https:\/\/trieste.green\/de\/","logo":{"@type":"ImageObject","inLanguage":"de","@id":"https:\/\/trieste.green\/de\/#\/schema\/logo\/image\/","url":"http:\/\/trieste.green\/wp-content\/uploads\/2020\/08\/logo-tsgreen-1-128h.png","contentUrl":"http:\/\/trieste.green\/wp-content\/uploads\/2020\/08\/logo-tsgreen-1-128h.png","width":128,"height":128,"caption":"Trieste Green"},"image":{"@id":"https:\/\/trieste.green\/de\/#\/schema\/logo\/image\/"}},{"@type":"Person","@id":"https:\/\/trieste.green\/de\/#\/schema\/person\/8e62739aff615332d7158398822ec443","name":"triestegreen","image":{"@type":"ImageObject","inLanguage":"de","@id":"https:\/\/trieste.green\/de\/#\/schema\/person\/image\/","url":"https:\/\/secure.gravatar.com\/avatar\/1e6b4baf2506f97daad62b10d7692bce83a16e2c3260dbcab35ecb9287565e61?s=96&d=mm&r=g","contentUrl":"https:\/\/secure.gravatar.com\/avatar\/1e6b4baf2506f97daad62b10d7692bce83a16e2c3260dbcab35ecb9287565e61?s=96&d=mm&r=g","caption":"triestegreen"},"url":"https:\/\/trieste.green\/de\/author\/triestegreen\/"}]}},"_links":{"self":[{"href":"https:\/\/trieste.green\/de\/wp-json\/wp\/v2\/posts\/5432","targetHints":{"allow":["GET"]}}],"collection":[{"href":"https:\/\/trieste.green\/de\/wp-json\/wp\/v2\/posts"}],"about":[{"href":"https:\/\/trieste.green\/de\/wp-json\/wp\/v2\/types\/post"}],"author":[{"embeddable":true,"href":"https:\/\/trieste.green\/de\/wp-json\/wp\/v2\/users\/7"}],"replies":[{"embeddable":true,"href":"https:\/\/trieste.green\/de\/wp-json\/wp\/v2\/comments?post=5432"}],"version-history":[{"count":0,"href":"https:\/\/trieste.green\/de\/wp-json\/wp\/v2\/posts\/5432\/revisions"}],"wp:featuredmedia":[{"embeddable":true,"href":"https:\/\/trieste.green\/de\/wp-json\/wp\/v2\/media\/3300"}],"wp:attachment":[{"href":"https:\/\/trieste.green\/de\/wp-json\/wp\/v2\/media?parent=5432"}],"wp:term":[{"taxonomy":"category","embeddable":true,"href":"https:\/\/trieste.green\/de\/wp-json\/wp\/v2\/categories?post=5432"},{"taxonomy":"post_tag","embeddable":true,"href":"https:\/\/trieste.green\/de\/wp-json\/wp\/v2\/tags?post=5432"}],"curies":[{"name":"wp","href":"https:\/\/api.w.org\/{rel}","templated":true}]}}