{"id":5351,"date":"2020-08-07T07:04:05","date_gmt":"2020-08-07T07:04:05","guid":{"rendered":"http:\/\/trieste.green\/5-luoghi-piu-belli-dove-arrampicare-allaperto\/"},"modified":"2021-05-11T12:21:29","modified_gmt":"2021-05-11T10:21:29","slug":"5-schoensten-plaetze-wo-man-im-freien-klettern-kann","status":"publish","type":"post","link":"https:\/\/trieste.green\/de\/5-schoensten-plaetze-wo-man-im-freien-klettern-kann\/","title":{"rendered":"5 sch\u00f6nsten Pl\u00e4tze, wo man im Freien klettern kann"},"content":{"rendered":"<p>[vc_row el_class=&#8220;box-padding&#8220;][vc_column width=&#8220;5\/6&#8243;][vc_column_text]<span style=\"font-weight: 400;\">Der Karst besteht aus Stein und als er in W\u00e4nde transformiert wurde, wurde er zum Tempel der Alpinisten. Wo man sich auf einigen 100 Metern \u00fcber Meeresniveau befindet, bringt die Karsth\u00f6he einige Pl\u00e4tze hervor, <strong>die zu den sch\u00f6nsten Kletterparadiesen Europas z\u00e4hlen<\/strong>. Betrachtet man das Territorium als Unikum, mu\u00df man sagen, da\u00df es sich um eine Gegend handelt wo physische Barrieren bzw. Grenzen eine bleibende Erinnerung hinterlassen. Der Karst bietet geologische Aspekte in allen Varianten und erlaubt es, unter Ber\u00fccksichtigung der Anwendung aller nat\u00fcrlichen Gegebenheiten, auf Klippen, W\u00e4nden oder ber\u00fchmten \u201cTraversen\u201d zu klettern um sich an atemberaubenden Szenarien zu erfreuen.\u00a0<\/span><span style=\"font-weight: 400;\">Die Geschichte dieser speziellen Sportart in Triest geht auf\u2019s 20.Jahrhundert auf den <strong>Namen Napoleone Cozzi<\/strong>, Alpinist, zur\u00fcck, der in Val Rosandra die ersten Klettersteige er\u00f6ffnete.<\/span><\/p>\n<p><span style=\"font-weight: 400;\">W\u00e4hrend der 20er Jahre des letzten Jahrhunderts ist es vor allem der legend\u00e4re <strong>Emilio Comici<\/strong>, der die Alpinkultur verbreitet hat. Er ist es, der die ersten gro\u00dfen Klettersteige gr\u00fcndete-immer im Val Rosandra und auf den W\u00e4nden der Napoleonica Stra\u00dfe. 1929 war es eben dieser Comici, der, vor dem Aufkommen der \u201cbrutti\u201d &#8211; eine Gruppe von jungen und begeisterten Alpinisten &#8211; eine der langlebigsten Kletterschulen in Italien gr\u00fcndete. In den Folgejahren mu\u00df an Tiziana Weiss erinnert werden, einer Triestinerin und eine der ersten Frauen auf der Welt, die den 6.Schwierigkeitsgrad geschafft hat. Im alpinen R\u00fcckblick muss auch an <strong>Enzo Cozzolino<\/strong> gedacht werden, Bergsteiger, der als einer der 7.Grad Pioniere gilt.<\/span><\/p>\n<p><span style=\"font-weight: 400;\">Unter den Kletterern \u201cGiuliana\u201d, aber noch mehr unter den Bergliebhabern muss letztendlich an <strong>Spiro Dalla Porta Xydias<\/strong> gedacht werden. Kurz vor dem Hundersten Geburtstag gestorben, hat Spiro Xydias den Alpino Nationale Soccorso gerade in Triest gegr\u00fcndet. Eine besondere Verbindung der Berge\u00a0<\/span><\/p>\n<p>&nbsp;<\/p>\n<h3><b>Napoleonica\u00a0<\/b><\/h3>\n<p><span style=\"font-weight: 400;\">Besagte Strecke hat ihren Namen vom legend\u00e4ren <strong>Transit der franz\u00f6sischen Truppen<\/strong>, die Ende des 18.Jahrhunderts w\u00e4hrend der ber\u00fchmten Kampagne \u201cItalia del carso\u201d Triest besetzten. Die Napoleonica (auch Strada Vicentino genannt) ist ein langer Weg, der den <strong>Ort Prosecco mit der Zone<\/strong> des allgemein mehr bekannten Obelisk, also Opicina, verbindet.<\/span><\/p>\n<p><span style=\"font-weight: 400;\">Auf dem benachbarten Weg in dieser einzigartigen Landschaft, die den selben Namen wie der meist verkaufte Wein hat, ist der Weg zwischen einer riesigen Kalkwand und einer steil abfallenden Sicht auf\u2019s Meer eingebettet. Diese Zone wurde im Laufe des 20.Jahrhunderts zu einem wahren und eigenen <strong>Paradies f\u00fcr die Kletterliebhaber<\/strong>. F\u00fcr die Fachleute ist es vorallem eine Felswand zwischen Winterg\u00e4rten und verschiedensten Schwierigkeitsgraden. F\u00fcr die, die sie besuchen, ist die Napoleonica der richtige Ort um die sogenannten <strong>\u201cTraversi\u201d<\/strong> zu probieren, horizontale Anstiege, die f\u00fcr ein Training geeignet sind und die, Dank des Charmes, den die Landschaft hervorrufen kann, zu einem echten Vergn\u00fcgen werden. Diese Besonderheit ist ein in Europa einzigartiges Beispiel. Hier k\u00f6nnen Kletterer das ganze Jahr \u00fcber stundenlang alleine trainieren, um den Schwierigkeitsgrad zu finden, den sie am liebsten m\u00f6gen und warum nicht die Wand in einem zu bew\u00e4ltigen.<\/span><\/p>\n<p>Um herauszufinden, wo sich die Napoleonica befindet, <a href=\"https:\/\/osm.org\/go\/0IL1tcrN6?node=70525208\">klicken Sie hier.<\/a><\/p>\n<p>&nbsp;<\/p>\n<h3><b>Val Rosandra\u00a0<\/b><\/h3>\n<p><span style=\"font-weight: 400;\">Die Umgebung, sehr \u00e4hnlich der alpinen Gebirgswelt, bietet die gr\u00f6\u00dfte Attraktion f\u00fcr Alpinisten und Kletterer, die sich daf\u00fcr entscheiden, entlang dieser W\u00e4nde zu klettern. Mit den Klippen ganz Nahe der klassischen Berge lebt das Val Rosandra vor allem vom gro\u00dfen Ruhm und der Erfahrung von Emilo Comici und seiner Bergsteigerschule. In den 1920 Jahren wurde eine der <strong>ersten italienischen Bergsteigerschulen gegr\u00fcndet<\/strong>, die bis heute, fast ein Jahrhundert sp\u00e4ter, Bergsteiger aus aller Welt anzieht.<\/span><\/p>\n<p><span style=\"font-weight: 400;\"><img loading=\"lazy\" decoding=\"async\" class=\"alignnone size-medium wp-image-3344\" src=\"http:\/\/trieste.green\/wp-content\/uploads\/2020\/08\/IMG_7584-1-1-600x450.jpg\" alt=\"\" width=\"600\" height=\"450\" srcset=\"https:\/\/trieste.green\/wp-content\/uploads\/2020\/08\/IMG_7584-1-1-600x450.jpg 600w, https:\/\/trieste.green\/wp-content\/uploads\/2020\/08\/IMG_7584-1-1-1024x768.jpg 1024w, https:\/\/trieste.green\/wp-content\/uploads\/2020\/08\/IMG_7584-1-1-768x576.jpg 768w, https:\/\/trieste.green\/wp-content\/uploads\/2020\/08\/IMG_7584-1-1-1536x1152.jpg 1536w, https:\/\/trieste.green\/wp-content\/uploads\/2020\/08\/IMG_7584-1-1-2048x1536.jpg 2048w\" sizes=\"auto, (max-width: 600px) 100vw, 600px\" \/><\/span><\/p>\n<p><span style=\"font-weight: 400;\">Einmal in der Wand, erinnert die Umgebung des Bergsteigers an den Alpenraum. Der Canyon, ausgewaschen vom Wildbach \u201c<strong>Rosandra<\/strong>\u201d (slowenisch Glinscica) verl\u00e4uft entlang des Tales umgeben von langen Ger\u00f6llstrecken, die die kleine Kirche sch\u00fctzen, die der Santa Maria in Siaris gewidmet ist; einst ein Ziel der Bruderschaft der Battuti und Gegenstand zahlreicher Legenden. Klettern in den \u201c<strong>Valle<\/strong>\u201d, wie die Triestiner sagen, hat ein Faktum, das jeder Kletterer kennen und respektieren mu\u00df. An einigen Orten nisten jedes Jahr einige gesch\u00fctzte Tierarten- der Rabe, der Wanderfalke und manchmal auch der Uhu. Aus diesem Grund erl\u00e4\u00dft die Gemeinde San Dorligo della Valle\/Dolina spezielle Verordnungen, die ein Klettern in der Brutzeit verbieten. Die Vorschriften zu respektieren sind die Voraussetzung f\u00fcr ein funktionierendes und zunehmend grundlegendes Zusammenleben mit der Umwelt.<\/span><\/p>\n<p>Um herauszufinden, wo sich Val Rosandra befindet, <a href=\"https:\/\/osm.org\/go\/0IL2oROl-?node=490239674\">klicken Sie hier.<\/a><\/p>\n<p>&nbsp;<\/p>\n<h3><b>Costiera\u00a0<\/b><\/h3>\n<p><span style=\"font-weight: 400;\">Wenn man die sogenannte Costiera entlang f\u00e4hrt, die von Triest nach Venedig f\u00fchrt, kommt man einem bestimmten Punkt zu einem kurzen Tunnel, der in den Fels geschlagen wurde. Der, den die Einheimischen \u201c<strong>galleria naturale<\/strong>\u201d nennen, verbirgt einige der beeindruckendsten Kletterw\u00e4nde Europas.<\/span><\/p>\n<p><span style=\"font-weight: 400;\"><img loading=\"lazy\" decoding=\"async\" class=\"alignnone size-medium wp-image-3348\" src=\"http:\/\/trieste.green\/wp-content\/uploads\/2020\/08\/Costiera_Rocciatori2_ph_Anja_Cop-1-1-1-1-1-600x400.jpg\" alt=\"\" width=\"600\" height=\"400\" srcset=\"https:\/\/trieste.green\/wp-content\/uploads\/2020\/08\/Costiera_Rocciatori2_ph_Anja_Cop-1-1-1-1-1-600x400.jpg 600w, https:\/\/trieste.green\/wp-content\/uploads\/2020\/08\/Costiera_Rocciatori2_ph_Anja_Cop-1-1-1-1-1-1024x683.jpg 1024w, https:\/\/trieste.green\/wp-content\/uploads\/2020\/08\/Costiera_Rocciatori2_ph_Anja_Cop-1-1-1-1-1-768x512.jpg 768w, https:\/\/trieste.green\/wp-content\/uploads\/2020\/08\/Costiera_Rocciatori2_ph_Anja_Cop-1-1-1-1-1-1536x1024.jpg 1536w, https:\/\/trieste.green\/wp-content\/uploads\/2020\/08\/Costiera_Rocciatori2_ph_Anja_Cop-1-1-1-1-1-2048x1366.jpg 2048w\" sizes=\"auto, (max-width: 600px) 100vw, 600px\" \/><\/span><\/p>\n<p><span style=\"font-weight: 400;\">Ein Ort, an dem man den besonderen Tanz der balestrucci (ein Vogel, der sehr oft irrt\u00fcmlich f\u00fcr Schwalben gehalten wird) beobachten kann. Die Klippe ist \u00fcber einen steilen und holprigen Pfad, der vom Parkplatz zum K\u00fcstenweg f\u00fchrt, erreichbar. Hat man den ersten schwierigen Weg geschafft, findet man auf der rechten Seite weitere Wege, die zum Fu\u00df der Klippe f\u00fchren. Aufgrund der Schwierigkeit dorthin zu kommen, ist es ratsam, Acht zu geben und sich in absoluter Sicherheit zu bewegen.<\/span><\/p>\n<p>Um herauszufinden, wo sich die Amalfik\u00fcste befindet, <a href=\"https:\/\/osm.org\/go\/0IOKuV_5--?way=33885982\">klicken Sie hier.<\/a><\/p>\n<p>&nbsp;<\/p>\n<h3><b>Caravella\u00a0<\/b><\/h3>\n<p><span style=\"font-weight: 400;\">Die Bucht von Sistiana (Slowenisch Sesljan) ist ein Zufluchtsort, der den K\u00fcstenweg vom <strong>Schloss Duino<\/strong> bis hin zu den FKK-Str\u00e4nden der costa dei barbari umfasst. Einmal an der Meeresk\u00fcste angekommen kann man Richtung \u201c<strong>la Caravella<\/strong>\u201d fahren, der Name des antiken Strandbades. Hinter dem Parkplatz steht ein altes, komplettes Amphitheater, das das Herz der Kletterer h\u00f6her schlagen l\u00e4\u00dft. Diese W\u00e4nde werden das ganze Jahr von Kletterern, die aus ganz Europa kommen, frequentiert.<\/span><\/p>\n<p>Um herauszufinden, wo sich Caravella befindet, <a href=\"https:\/\/osm.org\/go\/0IOLQMKk--?node=1843870834\">klicken Sie hier.<\/a><\/p>\n<h3><\/h3>\n<h3><b>Oltre confine<\/b><\/h3>\n<p><span style=\"font-weight: 400;\">Der rio Ospo m\u00fcndet im Gemeindegebiet von <strong>Muggia<\/strong> ins Meer. In einer Zeit, in der in Triest die HabsburgerFlagge wehte und im K\u00fcstengebiet die Serenissima Repubblica von Venedig regierte, markierte die Ospom\u00fcndung eine der vielen Grenzen Richtung Osten. Und wenn in Italien der Name Ospo nur f\u00fcr diesen Flu\u00df bekannt ist, der seinem Lauf in \u00f6stlicher Richtung folgt, werden Sie auf das gleichnamige slowenische Land sto\u00dfen. Osp, nur einen Steinwurf von der Grenze zwischen Italien und Slowenien entfernt, ist in ganz Europa durch eine riesige H\u00f6hle ber\u00fchmt, die vor sehr langer Zeit zusammenbrach und ein riesiges Amphitheater ans Licht brachte, mit W\u00e4nden die in einigen F\u00e4llen h\u00f6her als <strong>120<\/strong> <strong>Meter sind<\/strong>. Ein magischer, unber\u00fchrter Ort-auch hier m\u00fcssen die Verordnungen beachtet werden, die insbesondere in Bezug auf den Uhu, das Klettern zu bestimmten Zeiten im Jahr zu verbieten. Das Amphitheater wird von tausenden von Kletterern aus aller Welt frequentiert. Obwohl es nicht weit entfernt sehr technische Klippen gibt, die von Profis als schwierig angesehen werden, bieten die W\u00e4nde des Ospo-Amphitheaters <strong>Schwierigkeitsgrade von der einfachsten bis zur 9.Stufe.<\/strong><\/span><\/p>\n<p>Um herauszufinden, wo sich der Rio Ospo befindet, <a href=\"https:\/\/osm.org\/go\/0ILy3fnuY?way=515778654\">klicken Sie hier.<\/a>[\/vc_column_text][\/vc_column][vc_column width=&#8220;1\/6&#8243;][vc_widget_sidebar sidebar_id=&#8220;right&#8220;][\/vc_column][\/vc_row][vc_row][vc_column el_class=&#8220;box-padding&#8220;]<div class=\"widget widget-sidebar \"><div class=\"s-title\"><h2>Esperienze correlate<\/h2><\/div><p>Unfortunately no tours were found.<\/p><\/div>[\/vc_column][\/vc_row][vc_row css=&#8220;.vc_custom_1602674918754{padding-top: 60px !important;padding-right: 5vw !important;padding-bottom: 30px !important;padding-left: 5vw !important;}&#8220;][vc_column css=&#8220;.vc_custom_1560081049926{padding-top: 0px !important;}&#8220;][vc_custom_heading text=&#8220;In Zusammenarbeit mit&#8220; font_container=&#8220;tag:h2|text_align:center|color:%23171a18&#8243; use_theme_fonts=&#8220;yes&#8220; css_animation=&#8220;slideInUp&#8220; css=&#8220;.vc_custom_1620728143216{padding-top: 30px !important;padding-bottom: 0px !important;}&#8220;][vc_row_inner][vc_column_inner width=&#8220;1\/3&#8243; offset=&#8220;vc_col-xs-12&#8243;][\/vc_column_inner][vc_column_inner width=&#8220;1\/3&#8243; offset=&#8220;vc_col-xs-12&#8243;][vc_single_image image=&#8220;3215&#8243; img_size=&#8220;full&#8220; alignment=&#8220;center&#8220;][\/vc_column_inner][vc_column_inner width=&#8220;1\/3&#8243; offset=&#8220;vc_col-xs-12&#8243;][\/vc_column_inner][\/vc_row_inner][\/vc_column][\/vc_row]<\/p>\n","protected":false},"excerpt":{"rendered":"<p>Der Karst besteht aus Stein und als er in W\u00e4nde transformiert wurde, wurde er zum Tempel der Alpinisten. Wo man sich auf einigen 100 Metern \u00fcber Meeresniveau befindet, bringt die Karsth\u00f6he einige Pl\u00e4tze hervor, die zu den sch\u00f6nsten Kletterparadiesen Europas z\u00e4hlen.<\/p>\n","protected":false},"author":7,"featured_media":1972,"comment_status":"closed","ping_status":"open","sticky":false,"template":"","format":"standard","meta":{"footnotes":""},"categories":[397],"tags":[398],"class_list":["post-5351","post","type-post","status-publish","format-standard","has-post-thumbnail","hentry","category-das-gebiet-zwischen-karst-und-istrien","tag-geoparco-de"],"yoast_head":"<!-- This site is optimized with the Yoast SEO plugin v26.6 - https:\/\/yoast.com\/wordpress\/plugins\/seo\/ -->\n<title>5 sch\u00f6nsten Pl\u00e4tze, wo man im Freien klettern kann - Trieste Green<\/title>\n<meta name=\"robots\" content=\"index, follow, max-snippet:-1, max-image-preview:large, max-video-preview:-1\" \/>\n<link rel=\"canonical\" href=\"https:\/\/trieste.green\/de\/5-schoensten-plaetze-wo-man-im-freien-klettern-kann\/\" \/>\n<meta property=\"og:locale\" content=\"de_DE\" \/>\n<meta property=\"og:type\" content=\"article\" \/>\n<meta property=\"og:title\" content=\"5 sch\u00f6nsten Pl\u00e4tze, wo man im Freien klettern kann - Trieste Green\" \/>\n<meta property=\"og:description\" content=\"Der Karst besteht aus Stein und als er in W\u00e4nde transformiert wurde, wurde er zum Tempel der Alpinisten. Wo man sich auf einigen 100 Metern \u00fcber Meeresniveau befindet, bringt die Karsth\u00f6he einige Pl\u00e4tze hervor, die zu den sch\u00f6nsten Kletterparadiesen Europas z\u00e4hlen.\" \/>\n<meta property=\"og:url\" content=\"https:\/\/trieste.green\/de\/5-schoensten-plaetze-wo-man-im-freien-klettern-kann\/\" \/>\n<meta property=\"og:site_name\" content=\"Trieste Green\" \/>\n<meta property=\"article:published_time\" content=\"2020-08-07T07:04:05+00:00\" \/>\n<meta property=\"article:modified_time\" content=\"2021-05-11T10:21:29+00:00\" \/>\n<meta property=\"og:image\" content=\"https:\/\/trieste.green\/wp-content\/uploads\/2020\/08\/climbing-vista-mare.jpg\" \/>\n\t<meta property=\"og:image:width\" content=\"1200\" \/>\n\t<meta property=\"og:image:height\" content=\"795\" \/>\n\t<meta property=\"og:image:type\" content=\"image\/jpeg\" \/>\n<meta name=\"author\" content=\"triestegreen\" \/>\n<meta name=\"twitter:card\" content=\"summary_large_image\" \/>\n<meta name=\"twitter:label1\" content=\"Verfasst von\" \/>\n\t<meta name=\"twitter:data1\" content=\"triestegreen\" \/>\n\t<meta name=\"twitter:label2\" content=\"Gesch\u00e4tzte Lesezeit\" \/>\n\t<meta name=\"twitter:data2\" content=\"7\u00a0Minuten\" \/>\n<script type=\"application\/ld+json\" class=\"yoast-schema-graph\">{\"@context\":\"https:\/\/schema.org\",\"@graph\":[{\"@type\":\"Article\",\"@id\":\"https:\/\/trieste.green\/de\/5-schoensten-plaetze-wo-man-im-freien-klettern-kann\/#article\",\"isPartOf\":{\"@id\":\"https:\/\/trieste.green\/de\/5-schoensten-plaetze-wo-man-im-freien-klettern-kann\/\"},\"author\":{\"name\":\"triestegreen\",\"@id\":\"https:\/\/trieste.green\/de\/#\/schema\/person\/8e62739aff615332d7158398822ec443\"},\"headline\":\"5 sch\u00f6nsten Pl\u00e4tze, wo man im Freien klettern kann\",\"datePublished\":\"2020-08-07T07:04:05+00:00\",\"dateModified\":\"2021-05-11T10:21:29+00:00\",\"mainEntityOfPage\":{\"@id\":\"https:\/\/trieste.green\/de\/5-schoensten-plaetze-wo-man-im-freien-klettern-kann\/\"},\"wordCount\":1358,\"publisher\":{\"@id\":\"https:\/\/trieste.green\/de\/#organization\"},\"image\":{\"@id\":\"https:\/\/trieste.green\/de\/5-schoensten-plaetze-wo-man-im-freien-klettern-kann\/#primaryimage\"},\"thumbnailUrl\":\"https:\/\/trieste.green\/wp-content\/uploads\/2020\/08\/climbing-vista-mare.jpg\",\"keywords\":[\"Geoparco\"],\"articleSection\":[\"Das Gebiet zwischen Karst und Istrien\"],\"inLanguage\":\"de\"},{\"@type\":\"WebPage\",\"@id\":\"https:\/\/trieste.green\/de\/5-schoensten-plaetze-wo-man-im-freien-klettern-kann\/\",\"url\":\"https:\/\/trieste.green\/de\/5-schoensten-plaetze-wo-man-im-freien-klettern-kann\/\",\"name\":\"5 sch\u00f6nsten Pl\u00e4tze, wo man im Freien klettern kann - Trieste Green\",\"isPartOf\":{\"@id\":\"https:\/\/trieste.green\/de\/#website\"},\"primaryImageOfPage\":{\"@id\":\"https:\/\/trieste.green\/de\/5-schoensten-plaetze-wo-man-im-freien-klettern-kann\/#primaryimage\"},\"image\":{\"@id\":\"https:\/\/trieste.green\/de\/5-schoensten-plaetze-wo-man-im-freien-klettern-kann\/#primaryimage\"},\"thumbnailUrl\":\"https:\/\/trieste.green\/wp-content\/uploads\/2020\/08\/climbing-vista-mare.jpg\",\"datePublished\":\"2020-08-07T07:04:05+00:00\",\"dateModified\":\"2021-05-11T10:21:29+00:00\",\"breadcrumb\":{\"@id\":\"https:\/\/trieste.green\/de\/5-schoensten-plaetze-wo-man-im-freien-klettern-kann\/#breadcrumb\"},\"inLanguage\":\"de\",\"potentialAction\":[{\"@type\":\"ReadAction\",\"target\":[\"https:\/\/trieste.green\/de\/5-schoensten-plaetze-wo-man-im-freien-klettern-kann\/\"]}]},{\"@type\":\"ImageObject\",\"inLanguage\":\"de\",\"@id\":\"https:\/\/trieste.green\/de\/5-schoensten-plaetze-wo-man-im-freien-klettern-kann\/#primaryimage\",\"url\":\"https:\/\/trieste.green\/wp-content\/uploads\/2020\/08\/climbing-vista-mare.jpg\",\"contentUrl\":\"https:\/\/trieste.green\/wp-content\/uploads\/2020\/08\/climbing-vista-mare.jpg\",\"width\":1200,\"height\":795},{\"@type\":\"BreadcrumbList\",\"@id\":\"https:\/\/trieste.green\/de\/5-schoensten-plaetze-wo-man-im-freien-klettern-kann\/#breadcrumb\",\"itemListElement\":[{\"@type\":\"ListItem\",\"position\":1,\"name\":\"Home\",\"item\":\"https:\/\/trieste.green\/de\/\"},{\"@type\":\"ListItem\",\"position\":2,\"name\":\"5 sch\u00f6nsten Pl\u00e4tze, wo man im Freien klettern kann\"}]},{\"@type\":\"WebSite\",\"@id\":\"https:\/\/trieste.green\/de\/#website\",\"url\":\"https:\/\/trieste.green\/de\/\",\"name\":\"Trieste Green\",\"description\":\"\",\"publisher\":{\"@id\":\"https:\/\/trieste.green\/de\/#organization\"},\"potentialAction\":[{\"@type\":\"SearchAction\",\"target\":{\"@type\":\"EntryPoint\",\"urlTemplate\":\"https:\/\/trieste.green\/de\/?s={search_term_string}\"},\"query-input\":{\"@type\":\"PropertyValueSpecification\",\"valueRequired\":true,\"valueName\":\"search_term_string\"}}],\"inLanguage\":\"de\"},{\"@type\":\"Organization\",\"@id\":\"https:\/\/trieste.green\/de\/#organization\",\"name\":\"Trieste Green\",\"url\":\"https:\/\/trieste.green\/de\/\",\"logo\":{\"@type\":\"ImageObject\",\"inLanguage\":\"de\",\"@id\":\"https:\/\/trieste.green\/de\/#\/schema\/logo\/image\/\",\"url\":\"http:\/\/trieste.green\/wp-content\/uploads\/2020\/08\/logo-tsgreen-1-128h.png\",\"contentUrl\":\"http:\/\/trieste.green\/wp-content\/uploads\/2020\/08\/logo-tsgreen-1-128h.png\",\"width\":128,\"height\":128,\"caption\":\"Trieste Green\"},\"image\":{\"@id\":\"https:\/\/trieste.green\/de\/#\/schema\/logo\/image\/\"}},{\"@type\":\"Person\",\"@id\":\"https:\/\/trieste.green\/de\/#\/schema\/person\/8e62739aff615332d7158398822ec443\",\"name\":\"triestegreen\",\"image\":{\"@type\":\"ImageObject\",\"inLanguage\":\"de\",\"@id\":\"https:\/\/trieste.green\/de\/#\/schema\/person\/image\/\",\"url\":\"https:\/\/secure.gravatar.com\/avatar\/1e6b4baf2506f97daad62b10d7692bce83a16e2c3260dbcab35ecb9287565e61?s=96&d=mm&r=g\",\"contentUrl\":\"https:\/\/secure.gravatar.com\/avatar\/1e6b4baf2506f97daad62b10d7692bce83a16e2c3260dbcab35ecb9287565e61?s=96&d=mm&r=g\",\"caption\":\"triestegreen\"},\"url\":\"https:\/\/trieste.green\/de\/author\/triestegreen\/\"}]}<\/script>\n<!-- \/ Yoast SEO plugin. -->","yoast_head_json":{"title":"5 sch\u00f6nsten Pl\u00e4tze, wo man im Freien klettern kann - Trieste Green","robots":{"index":"index","follow":"follow","max-snippet":"max-snippet:-1","max-image-preview":"max-image-preview:large","max-video-preview":"max-video-preview:-1"},"canonical":"https:\/\/trieste.green\/de\/5-schoensten-plaetze-wo-man-im-freien-klettern-kann\/","og_locale":"de_DE","og_type":"article","og_title":"5 sch\u00f6nsten Pl\u00e4tze, wo man im Freien klettern kann - Trieste Green","og_description":"Der Karst besteht aus Stein und als er in W\u00e4nde transformiert wurde, wurde er zum Tempel der Alpinisten. Wo man sich auf einigen 100 Metern \u00fcber Meeresniveau befindet, bringt die Karsth\u00f6he einige Pl\u00e4tze hervor, die zu den sch\u00f6nsten Kletterparadiesen Europas z\u00e4hlen.","og_url":"https:\/\/trieste.green\/de\/5-schoensten-plaetze-wo-man-im-freien-klettern-kann\/","og_site_name":"Trieste Green","article_published_time":"2020-08-07T07:04:05+00:00","article_modified_time":"2021-05-11T10:21:29+00:00","og_image":[{"width":1200,"height":795,"url":"https:\/\/trieste.green\/wp-content\/uploads\/2020\/08\/climbing-vista-mare.jpg","type":"image\/jpeg"}],"author":"triestegreen","twitter_card":"summary_large_image","twitter_misc":{"Verfasst von":"triestegreen","Gesch\u00e4tzte Lesezeit":"7\u00a0Minuten"},"schema":{"@context":"https:\/\/schema.org","@graph":[{"@type":"Article","@id":"https:\/\/trieste.green\/de\/5-schoensten-plaetze-wo-man-im-freien-klettern-kann\/#article","isPartOf":{"@id":"https:\/\/trieste.green\/de\/5-schoensten-plaetze-wo-man-im-freien-klettern-kann\/"},"author":{"name":"triestegreen","@id":"https:\/\/trieste.green\/de\/#\/schema\/person\/8e62739aff615332d7158398822ec443"},"headline":"5 sch\u00f6nsten Pl\u00e4tze, wo man im Freien klettern kann","datePublished":"2020-08-07T07:04:05+00:00","dateModified":"2021-05-11T10:21:29+00:00","mainEntityOfPage":{"@id":"https:\/\/trieste.green\/de\/5-schoensten-plaetze-wo-man-im-freien-klettern-kann\/"},"wordCount":1358,"publisher":{"@id":"https:\/\/trieste.green\/de\/#organization"},"image":{"@id":"https:\/\/trieste.green\/de\/5-schoensten-plaetze-wo-man-im-freien-klettern-kann\/#primaryimage"},"thumbnailUrl":"https:\/\/trieste.green\/wp-content\/uploads\/2020\/08\/climbing-vista-mare.jpg","keywords":["Geoparco"],"articleSection":["Das Gebiet zwischen Karst und Istrien"],"inLanguage":"de"},{"@type":"WebPage","@id":"https:\/\/trieste.green\/de\/5-schoensten-plaetze-wo-man-im-freien-klettern-kann\/","url":"https:\/\/trieste.green\/de\/5-schoensten-plaetze-wo-man-im-freien-klettern-kann\/","name":"5 sch\u00f6nsten Pl\u00e4tze, wo man im Freien klettern kann - Trieste Green","isPartOf":{"@id":"https:\/\/trieste.green\/de\/#website"},"primaryImageOfPage":{"@id":"https:\/\/trieste.green\/de\/5-schoensten-plaetze-wo-man-im-freien-klettern-kann\/#primaryimage"},"image":{"@id":"https:\/\/trieste.green\/de\/5-schoensten-plaetze-wo-man-im-freien-klettern-kann\/#primaryimage"},"thumbnailUrl":"https:\/\/trieste.green\/wp-content\/uploads\/2020\/08\/climbing-vista-mare.jpg","datePublished":"2020-08-07T07:04:05+00:00","dateModified":"2021-05-11T10:21:29+00:00","breadcrumb":{"@id":"https:\/\/trieste.green\/de\/5-schoensten-plaetze-wo-man-im-freien-klettern-kann\/#breadcrumb"},"inLanguage":"de","potentialAction":[{"@type":"ReadAction","target":["https:\/\/trieste.green\/de\/5-schoensten-plaetze-wo-man-im-freien-klettern-kann\/"]}]},{"@type":"ImageObject","inLanguage":"de","@id":"https:\/\/trieste.green\/de\/5-schoensten-plaetze-wo-man-im-freien-klettern-kann\/#primaryimage","url":"https:\/\/trieste.green\/wp-content\/uploads\/2020\/08\/climbing-vista-mare.jpg","contentUrl":"https:\/\/trieste.green\/wp-content\/uploads\/2020\/08\/climbing-vista-mare.jpg","width":1200,"height":795},{"@type":"BreadcrumbList","@id":"https:\/\/trieste.green\/de\/5-schoensten-plaetze-wo-man-im-freien-klettern-kann\/#breadcrumb","itemListElement":[{"@type":"ListItem","position":1,"name":"Home","item":"https:\/\/trieste.green\/de\/"},{"@type":"ListItem","position":2,"name":"5 sch\u00f6nsten Pl\u00e4tze, wo man im Freien klettern kann"}]},{"@type":"WebSite","@id":"https:\/\/trieste.green\/de\/#website","url":"https:\/\/trieste.green\/de\/","name":"Trieste Green","description":"","publisher":{"@id":"https:\/\/trieste.green\/de\/#organization"},"potentialAction":[{"@type":"SearchAction","target":{"@type":"EntryPoint","urlTemplate":"https:\/\/trieste.green\/de\/?s={search_term_string}"},"query-input":{"@type":"PropertyValueSpecification","valueRequired":true,"valueName":"search_term_string"}}],"inLanguage":"de"},{"@type":"Organization","@id":"https:\/\/trieste.green\/de\/#organization","name":"Trieste Green","url":"https:\/\/trieste.green\/de\/","logo":{"@type":"ImageObject","inLanguage":"de","@id":"https:\/\/trieste.green\/de\/#\/schema\/logo\/image\/","url":"http:\/\/trieste.green\/wp-content\/uploads\/2020\/08\/logo-tsgreen-1-128h.png","contentUrl":"http:\/\/trieste.green\/wp-content\/uploads\/2020\/08\/logo-tsgreen-1-128h.png","width":128,"height":128,"caption":"Trieste Green"},"image":{"@id":"https:\/\/trieste.green\/de\/#\/schema\/logo\/image\/"}},{"@type":"Person","@id":"https:\/\/trieste.green\/de\/#\/schema\/person\/8e62739aff615332d7158398822ec443","name":"triestegreen","image":{"@type":"ImageObject","inLanguage":"de","@id":"https:\/\/trieste.green\/de\/#\/schema\/person\/image\/","url":"https:\/\/secure.gravatar.com\/avatar\/1e6b4baf2506f97daad62b10d7692bce83a16e2c3260dbcab35ecb9287565e61?s=96&d=mm&r=g","contentUrl":"https:\/\/secure.gravatar.com\/avatar\/1e6b4baf2506f97daad62b10d7692bce83a16e2c3260dbcab35ecb9287565e61?s=96&d=mm&r=g","caption":"triestegreen"},"url":"https:\/\/trieste.green\/de\/author\/triestegreen\/"}]}},"_links":{"self":[{"href":"https:\/\/trieste.green\/de\/wp-json\/wp\/v2\/posts\/5351","targetHints":{"allow":["GET"]}}],"collection":[{"href":"https:\/\/trieste.green\/de\/wp-json\/wp\/v2\/posts"}],"about":[{"href":"https:\/\/trieste.green\/de\/wp-json\/wp\/v2\/types\/post"}],"author":[{"embeddable":true,"href":"https:\/\/trieste.green\/de\/wp-json\/wp\/v2\/users\/7"}],"replies":[{"embeddable":true,"href":"https:\/\/trieste.green\/de\/wp-json\/wp\/v2\/comments?post=5351"}],"version-history":[{"count":0,"href":"https:\/\/trieste.green\/de\/wp-json\/wp\/v2\/posts\/5351\/revisions"}],"wp:featuredmedia":[{"embeddable":true,"href":"https:\/\/trieste.green\/de\/wp-json\/wp\/v2\/media\/1972"}],"wp:attachment":[{"href":"https:\/\/trieste.green\/de\/wp-json\/wp\/v2\/media?parent=5351"}],"wp:term":[{"taxonomy":"category","embeddable":true,"href":"https:\/\/trieste.green\/de\/wp-json\/wp\/v2\/categories?post=5351"},{"taxonomy":"post_tag","embeddable":true,"href":"https:\/\/trieste.green\/de\/wp-json\/wp\/v2\/tags?post=5351"}],"curies":[{"name":"wp","href":"https:\/\/api.w.org\/{rel}","templated":true}]}}